{"id":199,"date":"2014-12-04T00:01:31","date_gmt":"2014-12-03T22:01:31","guid":{"rendered":"http:\/\/unser-quartier.de\/adventskalender\/?p=199"},"modified":"2014-12-02T11:33:16","modified_gmt":"2014-12-02T09:33:16","slug":"04-morgen-kommt-der-weihnachtsmann","status":"publish","type":"post","link":"https:\/\/unser-quartier.de\/adventskalender\/2014\/04-morgen-kommt-der-weihnachtsmann\/","title":{"rendered":"04: Morgen kommt der Weihnachtsmann"},"content":{"rendered":"<p>Eine Geschichte, die in einer unserer Gruppen gro\u00dfes Gel\u00e4chter ausgel\u00f6st hat, als ich behauptet habe: &#8222;Diese Geschichte hat mit mir \u00fcberhaupt nichts zu tun!&#8220;. Im Ernst: eine sch\u00f6ne Geschichte zum &#8222;Entschleunigen&#8220; \u2013 lieber Adventskaffee im selbstorganisierten Seniorennetzwerk als Hetze durch die Advents- und Weihnachtszeit!<\/p>\n<p>&#8222;Schon wieder Weihnachten&#8220;, st\u00f6hnte der Weihnachtsmann. &#8222;Ich mag mich nicht mit den schweren S\u00e4cken abschleppen.&#8220;<br \/> Lustlos zog er die Stiefel und den roten Mantel an und warf sich den Sack, der sich seltsam leicht anf\u00fchlte, \u00fcber die Schultern. Dann machte er sich auf den Weg zu den Kindern.<!--more--><br \/> Endlich hatte er die kleine Stadt erreicht. Mit m\u00fcden Schritten schlurfte er zur T\u00fcr des ersten Hauses, wo er seine Geschenke ablegen wollte. Als er gerade seinen Sack von der Schulter nahm, \u00f6ffnete sich die T\u00fcr und ein kleines M\u00e4dchen stand vor ihm.<br \/> &#8222;Hallo&#8220;, sagte es. &#8222;Wer bist du?&#8220;<br \/> &#8222;Der Weihnachtsmann, wer sonst?&#8220;<br \/> Das M\u00e4dchen wunderte sich. &#8222;Warum kommst du heute schon? Heiligabend ist doch erst morgen.&#8220;<br \/> &#8222;Morgen?&#8220; Der Weihnachtsmann sch\u00fcttelte verwirrt den Kopf. &#8222;Warum sagt mir das keiner?&#8220;<br \/> Er schn\u00fcrte den Sack auf und fragte: &#8222;W\u00fcrde es dich sehr st\u00f6ren, wenn ich dir deine Geschenke gleich jetzt g\u00e4be? Dann h\u00e4tte ich mir f\u00fcr morgen einen Weg erspart.&#8220;<br \/> Das M\u00e4dchen lachte. &#8222;Aber dein Sack ist doch ganz leer.&#8220;<br \/> &#8222;Leer?&#8220; Jetzt musste der Weihnachtsmann auch lachen. &#8222;Deshalb f\u00fchlte er sich so leicht an. Ich muss wohl heute Morgen mit dem linken Fu\u00df aufgestanden sein. Habe ich doch tats\u00e4chlich das Datum verwechselt! Tss!&#8220;<br \/> Ungl\u00e4ubig sch\u00fcttelte er den Kopf. &#8222;Und was machen wir nun?&#8220;, fragte er ein wenig ratlos.<br \/> Das M\u00e4dchen \u00fcberlegte. &#8222;Wie w\u00e4re es, wenn ich heute dir einmal etwas schenke?&#8220;<br \/> &#8222;Wie bitte?&#8220;, wunderte sich der Weihnachtsmann. &#8222;Du willst mir etwas schenken? Das ist doch gar nicht \u00fcblich.&#8220;<br \/> &#8222;Aber es ist eine sch\u00f6ne Idee. Pass auf!&#8220;<br \/> Und das M\u00e4dchen begann, dem Weihnachtsmann ein Gedicht, das es sich selbst ausgedacht hat, aufzusagen.<br \/> &#8222;Sch\u00f6n!&#8220;, sagte der Weihnachtsmann und wischte sich ger\u00fchrt eine Freudentr\u00e4ne von der Backe. &#8222;Noch nie hat mir ein Kind ein Gedicht geschenkt.&#8220;<br \/> &#8222;Och, ich kann dir auch noch ein Lied schenken, auch wenn meine Lehrerin immer sagt, ich k\u00f6nne nicht gut singen.&#8220;<br \/> Und bevor der Weihnachtsmann etwas sagen konnte, begann es das Lied \u00b4Morgen kommt der Weihnachtsmann\u00b4 zu singen.<br \/> Die T\u00f6ne klangen wirklich sehr falsch, doch das machte dem Weihnachtsmann nichts aus.<br \/> &#8222;Das ist das sch\u00f6nste Lied, das ich je geh\u00f6rt habe&#8220;, rief er, und dieses Mal musste er einen ganzen Tr\u00e4nenbach aus dem Gesicht wischen.<br \/> &#8222;Und es stimmt, das Lied&#8220;, kicherte das M\u00e4dchen. &#8222;Denn morgen kommt wirklich der Weihnachtsmann.&#8220;<br \/> Da musste der Weihnachtsmann auch kichern. &#8222;Wie Recht du hast. Morgen komme ich. Morgen und nicht heute. Und wei\u00dft du, jetzt geht es mir viel besser. Doch jetzt muss ich gehen.&#8220; Er deutete auf seinen leeren Sack. &#8222;Ich sch\u00e4tze mal, es wartet hier noch einige Arbeit auf mich.&#8220;<br \/> &#8222;Das glaube ich auch&#8220;, sagte das M\u00e4dchen und gab dem Weihnachtsmann zum Abschied einen dicken Kuss auf die Wange.<br \/> &#8222;Schon wieder ein Geschenk!&#8220;, rief der Weihnachtsmann fr\u00f6hlich.<br \/> Dann ging er leichten Fu\u00dfes zur\u00fcck zu seinem Schlitten. Dabei sang er fr\u00f6hlich und mit vielen falschen T\u00f6nen: &#8222;Morgen kommt der Weihnachtsmann&#8230;&#8220;<\/p>\n<p><b>Lizenz \u00a9 Elke Br\u00e4unling<\/b>,\u00a0<a href=\"http:\/\/www.elkeskindergeschichten.de\" target=\"_blank\" data-wpel-link=\"external\" rel=\"nofollow external noopener noreferrer\" class=\"ext-link wpel-icon-right\">www.elkeskindergeschichten.de<span class=\"wpel-icon wpel-image wpel-icon-4\"><\/span><\/a><\/p>\n<p>Horst Roos, <a href=\"http:\/\/miteinander-in-ft.de\" target=\"_blank\" data-wpel-link=\"external\" rel=\"nofollow external noopener noreferrer\" class=\"ext-link wpel-icon-right\">Netzwerk Miteinander in Frankenthal<span class=\"wpel-icon wpel-image wpel-icon-4\"><\/span><\/a><\/p>\n","protected":false},"excerpt":{"rendered":"<p>Eine Geschichte, die in einer unserer Gruppen gro\u00dfes Gel\u00e4chter ausgel\u00f6st hat, als ich behauptet habe: &#8222;Diese Geschichte hat mit mir \u00fcberhaupt nichts zu tun!&#8220;. Im Ernst: eine sch\u00f6ne Geschichte zum &#8222;Entschleunigen&#8220; \u2013 lieber Adventskaffee im selbstorganisierten Seniorennetzwerk als Hetze durch die Advents- und Weihnachtszeit! &#8222;Schon wieder Weihnachten&#8220;, st\u00f6hnte der Weihnachtsmann. &#8222;Ich mag mich nicht mit [&hellip;]<\/p>\n","protected":false},"author":47,"featured_media":0,"comment_status":"open","ping_status":"open","sticky":false,"template":"","format":"standard","meta":{"footnotes":""},"categories":[2],"tags":[],"class_list":["post-199","post","type-post","status-publish","format-standard","hentry","category-2"],"_links":{"self":[{"href":"https:\/\/unser-quartier.de\/adventskalender\/wp-json\/wp\/v2\/posts\/199","targetHints":{"allow":["GET"]}}],"collection":[{"href":"https:\/\/unser-quartier.de\/adventskalender\/wp-json\/wp\/v2\/posts"}],"about":[{"href":"https:\/\/unser-quartier.de\/adventskalender\/wp-json\/wp\/v2\/types\/post"}],"author":[{"embeddable":true,"href":"https:\/\/unser-quartier.de\/adventskalender\/wp-json\/wp\/v2\/users\/47"}],"replies":[{"embeddable":true,"href":"https:\/\/unser-quartier.de\/adventskalender\/wp-json\/wp\/v2\/comments?post=199"}],"version-history":[{"count":0,"href":"https:\/\/unser-quartier.de\/adventskalender\/wp-json\/wp\/v2\/posts\/199\/revisions"}],"wp:attachment":[{"href":"https:\/\/unser-quartier.de\/adventskalender\/wp-json\/wp\/v2\/media?parent=199"}],"wp:term":[{"taxonomy":"category","embeddable":true,"href":"https:\/\/unser-quartier.de\/adventskalender\/wp-json\/wp\/v2\/categories?post=199"},{"taxonomy":"post_tag","embeddable":true,"href":"https:\/\/unser-quartier.de\/adventskalender\/wp-json\/wp\/v2\/tags?post=199"}],"curies":[{"name":"wp","href":"https:\/\/api.w.org\/{rel}","templated":true}]}}