{"id":2298,"date":"2017-06-05T12:41:47","date_gmt":"2017-06-05T10:41:47","guid":{"rendered":"https:\/\/unser-quartier.de\/bauchem\/?p=2298"},"modified":"2017-06-07T07:49:14","modified_gmt":"2017-06-07T05:49:14","slug":"4-fruehlingsmarkt-in-bauchem-am-11-juni","status":"publish","type":"post","link":"https:\/\/unser-quartier.de\/bauchem\/2017\/06\/4-fruehlingsmarkt-in-bauchem-am-11-juni\/","title":{"rendered":"4. Fr\u00fchlingsmarkt in Bauchem am 11. Juni"},"content":{"rendered":"<p>Dieses Mal findet der beliebte und charmante Fr\u00fchlingsmarkt in Bauchem am Johann-Plum-Platz am 11. Juni&nbsp; von 11 bis 17 Uhr statt. Akteure des letzten Jahres und neue H\u00e4ndler mit neuem Angebot haben bereits zugesagt und kommen gerne auf den \u201eDorfplatz\u201c, um einen Markttag in besonderer Atmosph\u00e4re zu verbringen.<\/p>\n<p>Hier werden handgefertigte, k\u00fcnstlerische und sehr kreative Waren angeboten. Schmuck, Textilarbeiten, Deko-Artikel, selbstgesponnene und gef\u00e4rbte Wolle, T\u00f6pferartikel, Papierkunst, Babyartikel, Stofftaschen und einiges mehr werden angeboten.<\/p>\n<p>In diesem Jahr werden Informationsst\u00e4nde wie \u201eUnser Quartier\u201c, Camino, der F\u00f6rderverein der Awo-Kita Stadtmitte und der Kreissportbund dabei sein, der hier jedem, der m\u00f6chte, das richtige Boulen beibringt. Denn neben Neugestaltung des Johann-Plum-Platzes ist ganz in der N\u00e4he ein neuer Bouleplatz am Ehrenmal unter schattigen B\u00e4umen und mit B\u00e4nken erstellt worden.<\/p>\n<p>Aber auch die Tr\u00f6delst\u00e4nde d\u00fcrfen nicht fehlen. Viele B\u00fcrgerinnen und B\u00fcrger des Stadtteils nutzen die Gelegenheit gerne, ausrangierte Bekleidung und Gegenst\u00e4nde an den Mann oder die Frau zu bringen.<\/p>\n<p>Hierbei ist es den meisten nicht so wichtig, m\u00f6glichst viel zu verdienen. Sie nutzen den Tag auch&nbsp; gerne f\u00fcr nette Gespr\u00e4che mit Besuchern und Nachbarn.<\/p>\n<p>Die gute Stimmung hat bisher schon so manchen n\u00e4hergebracht und die Kommunikation untereinander verbessert. Sehr erfreulich ist, dass die \u00e4ltere Generation sich hier gerne blicken l\u00e4sst. Der Fr\u00fchlingsmarkt l\u00e4dt zum Schauen, Kaufen, sich inspirieren lassen, Verweilen, Treffen, Essen und Trinken ein. Und dies zu familienfreundlichen Preisen. Das hat sich auch \u00fcber die Grenzen von Geilenkirchen hinweg herumgesprochen.<\/p>\n<p>Getr\u00e4nke, Kaffee und Kuchen, Grillgut und Eis werden keinen hungrig nach Hause gehen lassen.<\/p>\n","protected":false},"excerpt":{"rendered":"<p>Dieses Mal findet der beliebte und charmante Fr\u00fchlingsmarkt in Bauchem am Johann-Plum-Platz am 11. Juni&nbsp; von 11 bis 17 Uhr statt. Akteure des letzten Jahres und neue H\u00e4ndler mit neuem Angebot haben bereits zugesagt und kommen gerne auf den \u201eDorfplatz\u201c, um einen Markttag in besonderer Atmosph\u00e4re zu verbringen. Hier werden handgefertigte, k\u00fcnstlerische und sehr kreative&hellip; <a class=\"continue\" href=\"https:\/\/unser-quartier.de\/bauchem\/2017\/06\/4-fruehlingsmarkt-in-bauchem-am-11-juni\/\" data-wpel-link=\"internal\"> \u00bb weiterlesen: <span> 4. Fr\u00fchlingsmarkt in Bauchem am 11. Juni<\/span><\/a><\/p>\n","protected":false},"author":405,"featured_media":0,"comment_status":"closed","ping_status":"closed","sticky":false,"template":"","format":"standard","meta":{"ngg_post_thumbnail":0,"generate_page_header":"","footnotes":""},"categories":[1],"tags":[],"class_list":["post-2298","post","type-post","status-publish","format-standard","hentry","category-dies-und-das"],"_links":{"self":[{"href":"https:\/\/unser-quartier.de\/bauchem\/wp-json\/wp\/v2\/posts\/2298","targetHints":{"allow":["GET"]}}],"collection":[{"href":"https:\/\/unser-quartier.de\/bauchem\/wp-json\/wp\/v2\/posts"}],"about":[{"href":"https:\/\/unser-quartier.de\/bauchem\/wp-json\/wp\/v2\/types\/post"}],"author":[{"embeddable":true,"href":"https:\/\/unser-quartier.de\/bauchem\/wp-json\/wp\/v2\/users\/405"}],"replies":[{"embeddable":true,"href":"https:\/\/unser-quartier.de\/bauchem\/wp-json\/wp\/v2\/comments?post=2298"}],"version-history":[{"count":0,"href":"https:\/\/unser-quartier.de\/bauchem\/wp-json\/wp\/v2\/posts\/2298\/revisions"}],"wp:attachment":[{"href":"https:\/\/unser-quartier.de\/bauchem\/wp-json\/wp\/v2\/media?parent=2298"}],"wp:term":[{"taxonomy":"category","embeddable":true,"href":"https:\/\/unser-quartier.de\/bauchem\/wp-json\/wp\/v2\/categories?post=2298"},{"taxonomy":"post_tag","embeddable":true,"href":"https:\/\/unser-quartier.de\/bauchem\/wp-json\/wp\/v2\/tags?post=2298"}],"curies":[{"name":"wp","href":"https:\/\/api.w.org\/{rel}","templated":true}]}}