{"id":2367,"date":"2017-05-26T11:35:06","date_gmt":"2017-05-26T09:35:06","guid":{"rendered":"https:\/\/unser-quartier.de\/bauchem\/?p=2367"},"modified":"2017-05-26T11:35:06","modified_gmt":"2017-05-26T09:35:06","slug":"ein-spaziergang-durchs-quartier","status":"publish","type":"post","link":"https:\/\/unser-quartier.de\/bauchem\/2017\/05\/ein-spaziergang-durchs-quartier\/","title":{"rendered":"Ein Spaziergang durchs Quartier"},"content":{"rendered":"<p>Hoher Besuch vom Ministerium f\u00fcr Gesundheit, Emanzipation, Pflege und Alter des Landes Nordrhein-Westfalen in Bauchem.<\/p>\n<p>Seit Oktober 2015 setzt sich Quartiersentwicklerin Melanie Hafers-Weinberg f\u00fcr den Stadtteil Bauchem ein. Ihre Aufgabe ist es, hier die Entwicklung eines altersgerechten Lebensraumes f\u00fcr die B\u00fcrger und mit den B\u00fcrgern und den Institutionen aufzubauen und zu f\u00f6rdern.<\/p>\n<p>Dass dies keine leichte Aufgabe ist und viele Jahre in Anspruch nehmen kann, bis ihre Bem\u00fchungen fruchten, ist allen Beteiligten an diesem Projekt bekannt.<\/p>\n<p>Und: Das Quartier hat sich entwickelt. Bisher kann Hafers-Weinberg mit dem Ergebnis ihrer Arbeit \u00e4u\u00dferst zufrieden sein. Schnell hat sie Kontakt zu Vereinen, sozialen Einrichtungen, anderen Organisationen und vielen B\u00fcrgern aufgenommen und kann bereits Ergebnisse vorweisen.<\/p>\n<p>Von der Entwicklung im Stadtteil und der \u201enachbarschaftlich gepr\u00e4gten Struktur\u201c, die in den letzten Jahren entstanden ist, berichtete sie in einem Workshop. Davon angetan entschied sich Dr. Daniela Grobe, Leiterin des Referats der Altersgerechten Quartiersentwicklung und Versorgungsstrukturen im Quartier, Bauchem zu besuchen und sich vor Ort von der aktuellen Situation zu informieren.<\/p>\n<p>Bei einem ausgedehnten und entspannten Spaziergang durch Bauchem konnte sie sich von den Ergebnissen der letzten Jahre selbst \u00fcberzeugen und war begeistert. Neben Dr. Grobe und Hafers-Weinberg nahmen auch Hermann-Josef Lehnen vom Sozial und Jugendamt, Beate Wassenberg-Sch\u00fcren vom Kreissportbund sowie die Bauchemer B\u00fcrger Christiane Kirschbaum und Stefan Latour daran teil.<\/p>\n<p>Der Rundgang f\u00fchrte zum umgebauten Johann-Plum-Platz und dem Boul\u00e9platz am Ehrenmal. Weiter ging es zum neuen Hallenbad und den daraus resultierenden Neuerungen f\u00fcr den Stadtteil. Die sch\u00f6ne Kulisse mit zwei gro\u00dfen Boul\u00e9pl\u00e4tzen, der neuen Skulptur von Willi Arlt, dem noch zu bauende B\u00fcrgerhaus und dem Sozialzentrum, dessen Bau nach Pfingsten beginnt &#8211; all dies wurde mit staunenden und interessanten Beitr\u00e4gen von Dr. Grobe begleitet und mit wichtigen Informationen abgerundet.<\/p>\n<p>Hafers-Weinberg konnte eine Menge an Ergebnissen ihrer Arbeit hinzuf\u00fcgen, die ihre sinnvolle und wertvolle Rolle im Quartier unterstrichen. Mehr Kommunikation unter den B\u00fcrgern findet statt, zu der auch der B\u00fcrgerstammtisch beitr\u00e4gt. Fragen, Ideen, Hilfsangebote und deren Umsetzung geh\u00f6ren zum Mittelpunkt dieses monatlichen Treffens in den R\u00e4umen der Tagespflege. Gemeinsame Feste, wie der erste Adventsbasar, das kulinarische Quartier und die Teilnahme an Festen im Ort haben B\u00fcrger einander n\u00e4her gebracht und bereichern bereits das nachbarschaftliche Klima in Bauchem. Neu ist der \u201eKaffeeklatsch\u201c, der jeden dritten Sonntag im Monat stattfindet und von deren Resonanz sie \u00fcberw\u00e4ltigt war.<\/p>\n<p>Mit der &#8211; ebenfalls vom Land NRW gef\u00f6rderte &#8211; Quartiersseite www.quartier-bauchem.de und deren Resonanz, sind alle \u00e4u\u00dferst zufrieden. Die altersgerechte Webseite informiert \u00fcber alle Aktivit\u00e4ten im Stadtteil.<\/p>\n<p>Das Projekt der Quartiersentwicklerin ist zun\u00e4chst bis Februar 2018 befristet. Es steht au\u00dfer Frage, dass eine Weiterf\u00fchrung dieser Arbeit vonn\u00f6ten ist, um die begonnene Arbeit zu erweitern und bereits Vorhandenes weiter zu festigen und zu entwickeln.<\/p>\n<p>Das Interesse von Dr. Grobe wurde wertsch\u00e4tzend empfunden, und der Dank galt ihrer lockeren, unkomplizierten Art, die Entwicklung zu kommentieren und wertvolle Hinweise und falls notwendig Hilfen anzubieten.<\/p>\nngg_shortcode_0_placeholder\n","protected":false},"excerpt":{"rendered":"<p>Hoher Besuch vom Ministerium f\u00fcr Gesundheit, Emanzipation, Pflege und Alter des Landes Nordrhein-Westfalen in Bauchem. Seit Oktober 2015 setzt sich Quartiersentwicklerin Melanie Hafers-Weinberg f\u00fcr den Stadtteil Bauchem ein. Ihre Aufgabe ist es, hier die Entwicklung eines altersgerechten Lebensraumes f\u00fcr die B\u00fcrger und mit den B\u00fcrgern und den Institutionen aufzubauen und zu f\u00f6rdern. Dass dies keine&hellip; <a class=\"continue\" href=\"https:\/\/unser-quartier.de\/bauchem\/2017\/05\/ein-spaziergang-durchs-quartier\/\" data-wpel-link=\"internal\"> \u00bb weiterlesen: <span> Ein Spaziergang durchs Quartier<\/span><\/a><\/p>\n","protected":false},"author":405,"featured_media":2368,"comment_status":"closed","ping_status":"closed","sticky":false,"template":"","format":"standard","meta":{"ngg_post_thumbnail":0,"generate_page_header":"","footnotes":""},"categories":[1],"tags":[],"class_list":["post-2367","post","type-post","status-publish","format-standard","has-post-thumbnail","hentry","category-dies-und-das"],"_links":{"self":[{"href":"https:\/\/unser-quartier.de\/bauchem\/wp-json\/wp\/v2\/posts\/2367","targetHints":{"allow":["GET"]}}],"collection":[{"href":"https:\/\/unser-quartier.de\/bauchem\/wp-json\/wp\/v2\/posts"}],"about":[{"href":"https:\/\/unser-quartier.de\/bauchem\/wp-json\/wp\/v2\/types\/post"}],"author":[{"embeddable":true,"href":"https:\/\/unser-quartier.de\/bauchem\/wp-json\/wp\/v2\/users\/405"}],"replies":[{"embeddable":true,"href":"https:\/\/unser-quartier.de\/bauchem\/wp-json\/wp\/v2\/comments?post=2367"}],"version-history":[{"count":0,"href":"https:\/\/unser-quartier.de\/bauchem\/wp-json\/wp\/v2\/posts\/2367\/revisions"}],"wp:featuredmedia":[{"embeddable":true,"href":"https:\/\/unser-quartier.de\/bauchem\/wp-json\/wp\/v2\/media\/2368"}],"wp:attachment":[{"href":"https:\/\/unser-quartier.de\/bauchem\/wp-json\/wp\/v2\/media?parent=2367"}],"wp:term":[{"taxonomy":"category","embeddable":true,"href":"https:\/\/unser-quartier.de\/bauchem\/wp-json\/wp\/v2\/categories?post=2367"},{"taxonomy":"post_tag","embeddable":true,"href":"https:\/\/unser-quartier.de\/bauchem\/wp-json\/wp\/v2\/tags?post=2367"}],"curies":[{"name":"wp","href":"https:\/\/api.w.org\/{rel}","templated":true}]}}