{"id":3305,"date":"2018-10-19T18:08:07","date_gmt":"2018-10-19T16:08:07","guid":{"rendered":"https:\/\/unser-quartier.de\/bauchem\/?p=3305"},"modified":"2018-10-19T18:08:07","modified_gmt":"2018-10-19T16:08:07","slug":"quartiersbuero-bis-2-november-geschlossen","status":"publish","type":"post","link":"https:\/\/unser-quartier.de\/bauchem\/2018\/10\/quartiersbuero-bis-2-november-geschlossen\/","title":{"rendered":"Quartiersb\u00fcro bis 2. November geschlossen"},"content":{"rendered":"<p>Das B\u00fcro des Quartiers Bauchem ist f\u00fcr einige Tage geschlossen. Vom 22. Oktober bis einschlie\u00dflich 1. November sind die T\u00fcren verriegelt. Ab Freitag, 2. November, steht Quartiersentwicklerin Melanie Hafers-Weinberg zu den bekannten Zeiten in ihrem B\u00fcro wieder zur Verf\u00fcgung.<\/p>\n","protected":false},"excerpt":{"rendered":"<p>Das B\u00fcro des Quartiers Bauchem ist f\u00fcr einige Tage geschlossen. Vom 22. Oktober bis einschlie\u00dflich 1. November sind die T\u00fcren verriegelt. Ab Freitag, 2. November, steht Quartiersentwicklerin Melanie Hafers-Weinberg zu den bekannten Zeiten in ihrem B\u00fcro wieder zur Verf\u00fcgung.<\/p>\n","protected":false},"author":405,"featured_media":0,"comment_status":"closed","ping_status":"closed","sticky":false,"template":"","format":"standard","meta":{"ngg_post_thumbnail":0,"generate_page_header":"","footnotes":""},"categories":[1],"tags":[],"class_list":["post-3305","post","type-post","status-publish","format-standard","hentry","category-dies-und-das"],"_links":{"self":[{"href":"https:\/\/unser-quartier.de\/bauchem\/wp-json\/wp\/v2\/posts\/3305","targetHints":{"allow":["GET"]}}],"collection":[{"href":"https:\/\/unser-quartier.de\/bauchem\/wp-json\/wp\/v2\/posts"}],"about":[{"href":"https:\/\/unser-quartier.de\/bauchem\/wp-json\/wp\/v2\/types\/post"}],"author":[{"embeddable":true,"href":"https:\/\/unser-quartier.de\/bauchem\/wp-json\/wp\/v2\/users\/405"}],"replies":[{"embeddable":true,"href":"https:\/\/unser-quartier.de\/bauchem\/wp-json\/wp\/v2\/comments?post=3305"}],"version-history":[{"count":0,"href":"https:\/\/unser-quartier.de\/bauchem\/wp-json\/wp\/v2\/posts\/3305\/revisions"}],"wp:attachment":[{"href":"https:\/\/unser-quartier.de\/bauchem\/wp-json\/wp\/v2\/media?parent=3305"}],"wp:term":[{"taxonomy":"category","embeddable":true,"href":"https:\/\/unser-quartier.de\/bauchem\/wp-json\/wp\/v2\/categories?post=3305"},{"taxonomy":"post_tag","embeddable":true,"href":"https:\/\/unser-quartier.de\/bauchem\/wp-json\/wp\/v2\/tags?post=3305"}],"curies":[{"name":"wp","href":"https:\/\/api.w.org\/{rel}","templated":true}]}}