{"id":3372,"date":"2018-12-10T12:22:06","date_gmt":"2018-12-10T11:22:06","guid":{"rendered":"https:\/\/unser-quartier.de\/bauchem\/?p=3372"},"modified":"2018-12-10T12:22:06","modified_gmt":"2018-12-10T11:22:06","slug":"der-start-ins-neue-bauchemer-zentrum","status":"publish","type":"post","link":"https:\/\/unser-quartier.de\/bauchem\/2018\/12\/der-start-ins-neue-bauchemer-zentrum\/","title":{"rendered":"Der Start ins neue Bauchemer Zentrum"},"content":{"rendered":"<p>In den letzten Wochen wurde im Akkord geschuftet. Das Ergebnis kann sich sehen lassen. Der 1. Bauabschnitt des neuen Quartierszentrums in Bauchem wurde gestern offiziell \u00fcbergeben. Mehr als 1000 Menschen nutzten die Gelegenheit nach dem offziellen Teil, am Tag der Offenen T\u00fcr das neue Schmuckst\u00fcck in Bauchem selbst in Augenschein zu nehmen. Und die Reaktionen waren einhellig: Dieses Bauwerk ist gelungen und stellt zweifelsfrei eine neue Attraktion im Stadtteil da.<br \/>\nAls erstem Redner \u00fcbergab Moderatorin Melanie Hafers-Weinberg das Mikrofon an den B\u00fcrgermeister. Georg Schmitz bezeichnete das &#8222;erste Modul f\u00fcr ein umfangreiches Geb\u00e4udeensemble&#8220; als einen weiteren Schritt des kreisweit einmaligen und wegweisenden Quartierskonzeptes f\u00fcr Bauchem. Schmitz hob hervor, dass die Franziskusheim gGmbH als Bauherr ein ganzheitliches Konzept umgesetzt habe. \u201eEs wird deutlich, dass die gGmbH in ihre \u00dcberlegungen bez\u00fcglich des Quartierszentrums viele Eventualit\u00e4ten mit einbezogen hat&#8220;, lobte der B\u00fcrgermeister. \u201eF\u00fcr den demographischen Wandel haben sie Antworten gefunden, wo andere die Fragen noch nicht vernommen haben. Sie sind ihrer Zeit voraus.&#8220; Schmitz versprach Gesch\u00e4ftsf\u00fchrer Hanno Frenken vor den 200 geladenen G\u00e4sten, dass die Stadt Geilenkirchen als zuverl\u00e4ssiger Partner auch k\u00fcnftig zur Verf\u00fcgung stehe.<br \/>\nAnsgar Lurweg, Mitglied des Aufsichtsrates gab anschlie\u00dfend einen kurzen Abriss, wie es von Pfarre St. Josef zum Quartierszentrum gekommen ist. Weiterhin auf der Rednerliste standen ein Vertreter des Landes NRW und Pfarrer Peter Frisch, der auch Mitglied des Aufsichtsrates der Franziskusheim gGmbH ist. Pfarrer Frisch weihte das Quartierszentrum dann auch feierlich ein. Er brachte seine Freude dar\u00fcber zum Ausdruck, dass auch ein Sakralraum ber\u00fccksichtigt wurde.<br \/>\nDie Schl\u00fcssel\u00fcbergabe nahm der durchf\u00fchrende Architekt vor. Josef Viehten trug zuvor noch einmal die wesentlichen Eckpunkte zusammen. Demnach betrugen die Kosten f\u00fcr den 1. Bauabschnitt rund 5,4 Millionen Euro, der 2. Bauabschnitt ist mit 6,6 Millionen Euro veranschlagt. Im 1. Bauabschnitt sind 18 Wohnungen entstanden, zudem werden in diesen R\u00e4umlichkeiten die Tagespflege, die Ambulante Pflege und das Quartierszentrum (mit Caf\u00e9 Franz) sowie der ambulante Hospizdienst Camino untergebracht. Im 2. Bauabschnitt werden 36 Wohnungen entstehen.<br \/>\nZum Schluss des offiziellen Teils bedankte sich Gesch\u00e4ftsf\u00fchrer Hanno Frenken f\u00fcr das gro\u00dfe Engagement seiner Mitarbeiter und beteiligten Firmen. Und dann pr\u00e4sentierte er die drei Frauen, die die Geschicke des Quartierszentrums k\u00fcnftig lenken werden. Petra May (Hauswirtschaft), Lucyna Steffek (Tagespflege, Ambulanter Pflegedienst) und Melanie Hafers-Weinberg (Quartiersentwicklerin).<br \/>\nDer Rest des Tages war ein buntes Treiben im Quartierszentrum. Besichtungen von zwei Musterwohnungen und Adventsbasar luden zum Bleiben. F\u00fcr die musikalische Untermalung sorgte am Nachmittag das Trommler- und Pfeiferkorps Bauchem. Alles in allem war es ein sehr gelungener Tag. Wahrscheinlich der Startschuss zu einer Erfolgsgeschichte. Ein Gewinner steht bereits jetzt fest: Der Stadtteil Bauchem hat nun viel mehr zu bieten.<\/p>\n","protected":false},"excerpt":{"rendered":"<p>In den letzten Wochen wurde im Akkord geschuftet. Das Ergebnis kann sich sehen lassen. Der 1. Bauabschnitt des neuen Quartierszentrums in Bauchem wurde gestern offiziell \u00fcbergeben. Mehr als 1000 Menschen nutzten die Gelegenheit nach dem offziellen Teil, am Tag der Offenen T\u00fcr das neue Schmuckst\u00fcck in Bauchem selbst in Augenschein zu nehmen. Und die Reaktionen&hellip; <a class=\"continue\" href=\"https:\/\/unser-quartier.de\/bauchem\/2018\/12\/der-start-ins-neue-bauchemer-zentrum\/\" data-wpel-link=\"internal\"> \u00bb weiterlesen: <span> Der Start ins neue Bauchemer Zentrum<\/span><\/a><\/p>\n","protected":false},"author":405,"featured_media":3373,"comment_status":"closed","ping_status":"closed","sticky":false,"template":"","format":"standard","meta":{"ngg_post_thumbnail":0,"generate_page_header":"","footnotes":""},"categories":[1],"tags":[],"class_list":["post-3372","post","type-post","status-publish","format-standard","has-post-thumbnail","hentry","category-dies-und-das"],"_links":{"self":[{"href":"https:\/\/unser-quartier.de\/bauchem\/wp-json\/wp\/v2\/posts\/3372","targetHints":{"allow":["GET"]}}],"collection":[{"href":"https:\/\/unser-quartier.de\/bauchem\/wp-json\/wp\/v2\/posts"}],"about":[{"href":"https:\/\/unser-quartier.de\/bauchem\/wp-json\/wp\/v2\/types\/post"}],"author":[{"embeddable":true,"href":"https:\/\/unser-quartier.de\/bauchem\/wp-json\/wp\/v2\/users\/405"}],"replies":[{"embeddable":true,"href":"https:\/\/unser-quartier.de\/bauchem\/wp-json\/wp\/v2\/comments?post=3372"}],"version-history":[{"count":0,"href":"https:\/\/unser-quartier.de\/bauchem\/wp-json\/wp\/v2\/posts\/3372\/revisions"}],"wp:featuredmedia":[{"embeddable":true,"href":"https:\/\/unser-quartier.de\/bauchem\/wp-json\/wp\/v2\/media\/3373"}],"wp:attachment":[{"href":"https:\/\/unser-quartier.de\/bauchem\/wp-json\/wp\/v2\/media?parent=3372"}],"wp:term":[{"taxonomy":"category","embeddable":true,"href":"https:\/\/unser-quartier.de\/bauchem\/wp-json\/wp\/v2\/categories?post=3372"},{"taxonomy":"post_tag","embeddable":true,"href":"https:\/\/unser-quartier.de\/bauchem\/wp-json\/wp\/v2\/tags?post=3372"}],"curies":[{"name":"wp","href":"https:\/\/api.w.org\/{rel}","templated":true}]}}