{"id":3384,"date":"2018-12-19T12:23:37","date_gmt":"2018-12-19T11:23:37","guid":{"rendered":"https:\/\/unser-quartier.de\/bauchem\/?p=3384"},"modified":"2018-12-19T12:23:37","modified_gmt":"2018-12-19T11:23:37","slug":"bescherung-in-der-bauchemer-kita","status":"publish","type":"post","link":"https:\/\/unser-quartier.de\/bauchem\/2018\/12\/bescherung-in-der-bauchemer-kita\/","title":{"rendered":"Bescherung in der Bauchemer Kita"},"content":{"rendered":"<p>Drei Ehrenamtler, Quartiersentwicklerin Melanie Hafers-Weinberg und Mitarbeiterin Silvia Hoffmann statteten der st\u00e4dtischen Kita in Bauchem am Mittwoch einen Besuch ab. Im Gep\u00e4ck bei der vorweihnachtlichen Visite hatten die f\u00fcnf Damen einige Presente. Die waren der Dank daf\u00fcr, dass der monatliche Kaffeeklatsch des Quartiers seit fast einem Jahr in den R\u00e4umen der Kita stattfinden darf&nbsp; und auch weiterhin dort stattfinden wird. Aus den Spenden, die bei dieser Veranstaltung (jeweils am dritten Sonntag des Monats) zusammengekommen sind, \u00fcberreichte die Delegation einen 150-Euro-Gutschein der B\u00fccherei de Kleine und Naschwerk.<\/p>\n<p>Der Quartiers-Kaffeeklatsch hat eine rasante Entwicklung hinter sich. Eine konstant hohe Zahl von Besuchern wird seit einiger Zeit registriert. Die sechs ehrenamtlichen Kr\u00e4fte haben dort alle H\u00e4nde voll zu tun. Und es macht allen Beteiligten viel Spa\u00df, sich ein Mal im Monat zu treffen, Kaffe zu trinken, selbst gebackenen und gespendeten Kuchen gegen eine freiwillige Spende zu genie\u00dfen und &#8211; nat\u00fcrlich zu klatschen. Bemerkenswert ist auch, dass Jugendliche sich bereit erkl\u00e4rt haben, die R\u00e4umlichkeiten in der Kita entsprechend herzurichten und nach dem Ende wieder aufzur\u00e4umen.<\/p>\n","protected":false},"excerpt":{"rendered":"<p>Drei Ehrenamtler, Quartiersentwicklerin Melanie Hafers-Weinberg und Mitarbeiterin Silvia Hoffmann statteten der st\u00e4dtischen Kita in Bauchem am Mittwoch einen Besuch ab. Im Gep\u00e4ck bei der vorweihnachtlichen Visite hatten die f\u00fcnf Damen einige Presente. Die waren der Dank daf\u00fcr, dass der monatliche Kaffeeklatsch des Quartiers seit fast einem Jahr in den R\u00e4umen der Kita stattfinden darf&nbsp; und&hellip; <a class=\"continue\" href=\"https:\/\/unser-quartier.de\/bauchem\/2018\/12\/bescherung-in-der-bauchemer-kita\/\" data-wpel-link=\"internal\"> \u00bb weiterlesen: <span> Bescherung in der Bauchemer Kita<\/span><\/a><\/p>\n","protected":false},"author":405,"featured_media":3385,"comment_status":"closed","ping_status":"closed","sticky":false,"template":"","format":"standard","meta":{"ngg_post_thumbnail":0,"generate_page_header":"","footnotes":""},"categories":[1],"tags":[],"class_list":["post-3384","post","type-post","status-publish","format-standard","has-post-thumbnail","hentry","category-dies-und-das"],"_links":{"self":[{"href":"https:\/\/unser-quartier.de\/bauchem\/wp-json\/wp\/v2\/posts\/3384","targetHints":{"allow":["GET"]}}],"collection":[{"href":"https:\/\/unser-quartier.de\/bauchem\/wp-json\/wp\/v2\/posts"}],"about":[{"href":"https:\/\/unser-quartier.de\/bauchem\/wp-json\/wp\/v2\/types\/post"}],"author":[{"embeddable":true,"href":"https:\/\/unser-quartier.de\/bauchem\/wp-json\/wp\/v2\/users\/405"}],"replies":[{"embeddable":true,"href":"https:\/\/unser-quartier.de\/bauchem\/wp-json\/wp\/v2\/comments?post=3384"}],"version-history":[{"count":0,"href":"https:\/\/unser-quartier.de\/bauchem\/wp-json\/wp\/v2\/posts\/3384\/revisions"}],"wp:featuredmedia":[{"embeddable":true,"href":"https:\/\/unser-quartier.de\/bauchem\/wp-json\/wp\/v2\/media\/3385"}],"wp:attachment":[{"href":"https:\/\/unser-quartier.de\/bauchem\/wp-json\/wp\/v2\/media?parent=3384"}],"wp:term":[{"taxonomy":"category","embeddable":true,"href":"https:\/\/unser-quartier.de\/bauchem\/wp-json\/wp\/v2\/categories?post=3384"},{"taxonomy":"post_tag","embeddable":true,"href":"https:\/\/unser-quartier.de\/bauchem\/wp-json\/wp\/v2\/tags?post=3384"}],"curies":[{"name":"wp","href":"https:\/\/api.w.org\/{rel}","templated":true}]}}