{"id":4413,"date":"2019-02-14T11:56:34","date_gmt":"2019-02-14T10:56:34","guid":{"rendered":"https:\/\/unser-quartier.de\/bauchem\/?p=4413"},"modified":"2019-02-14T11:56:34","modified_gmt":"2019-02-14T10:56:34","slug":"flohmarkt-rund-um-das-kind-in-der-awo-kita-jahnstrasse","status":"publish","type":"post","link":"https:\/\/unser-quartier.de\/bauchem\/2019\/02\/flohmarkt-rund-um-das-kind-in-der-awo-kita-jahnstrasse\/","title":{"rendered":"Flohmarkt &#8222;Rund um das Kind&#8220; in der Awo-Kita Jahnstra\u00dfe"},"content":{"rendered":"<p>Die Awo-Kita, Jahnstra\u00dfe 41, l\u00e4dt f\u00fcr Sonntag, 17. Februar, zu einem Flohmarkt unter dem Titel &#8222;Rund um das Kind&#8220; ein. Von 14 Uhr bis 16.30 Uhr sind die Verkaufsst\u00e4nde ge\u00f6ffnet. Wer noch kurzentschlossen mitmachen will, kann sich unter 02451-989877 anmelden oder weitere Informationen einholen. Die Standgeb\u00fchr betr\u00e4gt 8 \u20ac und einen selbstgebackenen Kuchen. Es gibt auch eine Cafeteria. Der Kuchen kann vor Ort genossen oder mitgenommen werden.<\/p>\n","protected":false},"excerpt":{"rendered":"<p>Die Awo-Kita, Jahnstra\u00dfe 41, l\u00e4dt f\u00fcr Sonntag, 17. Februar, zu einem Flohmarkt unter dem Titel &#8222;Rund um das Kind&#8220; ein. Von 14 Uhr bis 16.30 Uhr sind die Verkaufsst\u00e4nde ge\u00f6ffnet. Wer noch kurzentschlossen mitmachen will, kann sich unter 02451-989877 anmelden oder weitere Informationen einholen. Die Standgeb\u00fchr betr\u00e4gt 8 \u20ac und einen selbstgebackenen Kuchen. Es gibt&hellip; <a class=\"continue\" href=\"https:\/\/unser-quartier.de\/bauchem\/2019\/02\/flohmarkt-rund-um-das-kind-in-der-awo-kita-jahnstrasse\/\" data-wpel-link=\"internal\"> \u00bb weiterlesen: <span> Flohmarkt &#8222;Rund um das Kind&#8220; in der Awo-Kita Jahnstra\u00dfe<\/span><\/a><\/p>\n","protected":false},"author":405,"featured_media":0,"comment_status":"closed","ping_status":"closed","sticky":false,"template":"","format":"standard","meta":{"ngg_post_thumbnail":0,"generate_page_header":"","footnotes":""},"categories":[1],"tags":[],"class_list":["post-4413","post","type-post","status-publish","format-standard","hentry","category-dies-und-das"],"_links":{"self":[{"href":"https:\/\/unser-quartier.de\/bauchem\/wp-json\/wp\/v2\/posts\/4413","targetHints":{"allow":["GET"]}}],"collection":[{"href":"https:\/\/unser-quartier.de\/bauchem\/wp-json\/wp\/v2\/posts"}],"about":[{"href":"https:\/\/unser-quartier.de\/bauchem\/wp-json\/wp\/v2\/types\/post"}],"author":[{"embeddable":true,"href":"https:\/\/unser-quartier.de\/bauchem\/wp-json\/wp\/v2\/users\/405"}],"replies":[{"embeddable":true,"href":"https:\/\/unser-quartier.de\/bauchem\/wp-json\/wp\/v2\/comments?post=4413"}],"version-history":[{"count":0,"href":"https:\/\/unser-quartier.de\/bauchem\/wp-json\/wp\/v2\/posts\/4413\/revisions"}],"wp:attachment":[{"href":"https:\/\/unser-quartier.de\/bauchem\/wp-json\/wp\/v2\/media?parent=4413"}],"wp:term":[{"taxonomy":"category","embeddable":true,"href":"https:\/\/unser-quartier.de\/bauchem\/wp-json\/wp\/v2\/categories?post=4413"},{"taxonomy":"post_tag","embeddable":true,"href":"https:\/\/unser-quartier.de\/bauchem\/wp-json\/wp\/v2\/tags?post=4413"}],"curies":[{"name":"wp","href":"https:\/\/api.w.org\/{rel}","templated":true}]}}