{"id":4420,"date":"2019-03-15T17:56:44","date_gmt":"2019-03-15T16:56:44","guid":{"rendered":"https:\/\/unser-quartier.de\/bauchem\/?p=4420"},"modified":"2019-03-15T17:56:44","modified_gmt":"2019-03-15T16:56:44","slug":"aktionstag-im-quartier","status":"publish","type":"post","link":"https:\/\/unser-quartier.de\/bauchem\/2019\/03\/aktionstag-im-quartier\/","title":{"rendered":"Aktionstag im Quartier"},"content":{"rendered":"<p>\u201eLass mal zusammenHALT machen\u201c (zusammenhalt.caritas.de). Das ist das Thema eines Aktionstages im Quartier Bauchem. Projektpartner sind das Selbsthilfe-u. Freiwilligen-Zentrum im Kreis Heinsberg, das Quartier Bauchem, das Wohnheim Mutter Theresa, das Franziskus-Seniorenheim, der st\u00e4dt. Kindergarten, die Gesamtschule und der Behindertenbeauftragte der Stadt Geilenkirchen. Der Aktionstag findet am Dienstag, dem 26. M\u00e4rz, von 10 -12 Uhr in Geilenkirchen statt. Im Anschluss gibt es einen Mittagsimbiss im Wohnheim Mutter Theresa. Ziel ist es, Menschen im Quartier ins Gespr\u00e4ch zu bringen. Hierzu gibt es drei \u201eHaltestellen\u201c mit unterschiedlichen Methoden, um durch das Kontakte zu kn\u00fcpfen.<\/p>\n<ol>\n<li>Haltestelle: Ein Caf\u00e8 am Altenheim; Sch\u00fcler stehen als Experten in der Handhabung f\u00fcr Handys, Tablett, Internet \u2026 den Senioren zur Verf\u00fcgung. Diese k\u00f6nnen konkret f\u00fcr ihr mitgebrachtes Ger\u00e4t Fragen stellen, Tipps bekommen und sich Anwendungen zeigen lassen.<\/li>\n<li>Haltestelle: Wohnheim f\u00fcr Menschen mit psychischen Behinderungen. Hier werden z.B. Sch\u00fcler und Bewohner eingeladen, zu dem Thema (Cyber-)Mobbing unter Einbeziehung von Gruppenmethoden ihre Erfahrungen, Bef\u00fcrchtungen und Meinungen einzubringen. Der Nutzen einer Selbsthilfegruppe, und dass diese nicht nur als antiquierter Stuhlkreis funktioniert, &nbsp;soll hier n\u00e4her gebracht werden.<\/li>\n<li>Haltestelle: Im Kindergarten werden Eltern und weitere Interessierte zum Thema Elektronik im Kindesalter eingeladen. Immer fr\u00fcher, immer mehr \u00fcberschwemmt Eltern dieses Thema in der Erziehung.<\/li>\n<\/ol>\n<p>F\u00fcr den Vortrag, Workshop, Mitmachaktion oder \u00e4hnliches im Kindergarten wurde Dr. Anna Sa\u00dfdorf, Medienwissenschaftlerin, eingeladen. Zudem k\u00f6nnte Dr. Sa\u00dfdorf einen Impuls f\u00fcr die 2. Haltestelle setzen und f\u00fcr Fragen im Anschluss hinzukommen.<\/p>\n","protected":false},"excerpt":{"rendered":"<p>\u201eLass mal zusammenHALT machen\u201c (zusammenhalt.caritas.de). Das ist das Thema eines Aktionstages im Quartier Bauchem. Projektpartner sind das Selbsthilfe-u. Freiwilligen-Zentrum im Kreis Heinsberg, das Quartier Bauchem, das Wohnheim Mutter Theresa, das Franziskus-Seniorenheim, der st\u00e4dt. Kindergarten, die Gesamtschule und der Behindertenbeauftragte der Stadt Geilenkirchen. Der Aktionstag findet am Dienstag, dem 26. M\u00e4rz, von 10 -12 Uhr in&hellip; <a class=\"continue\" href=\"https:\/\/unser-quartier.de\/bauchem\/2019\/03\/aktionstag-im-quartier\/\" data-wpel-link=\"internal\"> \u00bb weiterlesen: <span> Aktionstag im Quartier<\/span><\/a><\/p>\n","protected":false},"author":405,"featured_media":4421,"comment_status":"closed","ping_status":"closed","sticky":false,"template":"","format":"standard","meta":{"ngg_post_thumbnail":0,"generate_page_header":"","footnotes":""},"categories":[1],"tags":[],"class_list":["post-4420","post","type-post","status-publish","format-standard","has-post-thumbnail","hentry","category-dies-und-das"],"_links":{"self":[{"href":"https:\/\/unser-quartier.de\/bauchem\/wp-json\/wp\/v2\/posts\/4420","targetHints":{"allow":["GET"]}}],"collection":[{"href":"https:\/\/unser-quartier.de\/bauchem\/wp-json\/wp\/v2\/posts"}],"about":[{"href":"https:\/\/unser-quartier.de\/bauchem\/wp-json\/wp\/v2\/types\/post"}],"author":[{"embeddable":true,"href":"https:\/\/unser-quartier.de\/bauchem\/wp-json\/wp\/v2\/users\/405"}],"replies":[{"embeddable":true,"href":"https:\/\/unser-quartier.de\/bauchem\/wp-json\/wp\/v2\/comments?post=4420"}],"version-history":[{"count":0,"href":"https:\/\/unser-quartier.de\/bauchem\/wp-json\/wp\/v2\/posts\/4420\/revisions"}],"wp:featuredmedia":[{"embeddable":true,"href":"https:\/\/unser-quartier.de\/bauchem\/wp-json\/wp\/v2\/media\/4421"}],"wp:attachment":[{"href":"https:\/\/unser-quartier.de\/bauchem\/wp-json\/wp\/v2\/media?parent=4420"}],"wp:term":[{"taxonomy":"category","embeddable":true,"href":"https:\/\/unser-quartier.de\/bauchem\/wp-json\/wp\/v2\/categories?post=4420"},{"taxonomy":"post_tag","embeddable":true,"href":"https:\/\/unser-quartier.de\/bauchem\/wp-json\/wp\/v2\/tags?post=4420"}],"curies":[{"name":"wp","href":"https:\/\/api.w.org\/{rel}","templated":true}]}}