{"id":4431,"date":"2019-02-08T07:48:58","date_gmt":"2019-02-08T06:48:58","guid":{"rendered":"https:\/\/unser-quartier.de\/bauchem\/?p=4431"},"modified":"2019-04-08T07:50:17","modified_gmt":"2019-04-08T05:50:17","slug":"das-buergerhaus-bauchem-ist-offiziell-eroeffnet","status":"publish","type":"post","link":"https:\/\/unser-quartier.de\/bauchem\/2019\/02\/das-buergerhaus-bauchem-ist-offiziell-eroeffnet\/","title":{"rendered":"Das B\u00fcrgerhaus Bauchem ist offiziell er\u00f6ffnet"},"content":{"rendered":"<p>Nach knapp sechs Jahren Laufzeit ist das Projekt endlich am Ziel. Das B\u00fcrgerhaus Bauchem ist er\u00f6ffnet. Am Sonntag wurde es seiner Bestimmung \u00fcbergeben. Somit haben die B\u00fcrger wieder einen Treffpunkt. B\u00fcrgermeister Georg Schmitz lobte das Gemeinschaftsgef\u00fchl der Vereine und B\u00fcrger. \u201eEs ist faszinierend, mit welcher Geschwindigkeit sich der Ortsteil Bauchem entwickelt und sich mit und mit zum ,hidden champion\u2018 Geilenkirchens entwickelt, so Schmitz. \u201eDas Quartier lebt und mit dem B\u00fcrgerhaus wird ein neues Herzst\u00fcck Bauchems er\u00f6ffnet.\u201c<br \/>\nIn Gegenwart von zahlreichen Vertretern der Ratsfraktionen wurde das B\u00fcrgerhaus im Verlauf des offiziellen Teils auch geweiht. Vor und nach dem offiziellen Akt hatten die B\u00fcrger Gelegenheit ihr neues B\u00fcrgerhaus zu begutachten. Und das Urteil fiel einhellig aus: gelungen. Im Rahmen der Feierlichkeiten \u00fcbergab Marlies Tings von der Kleiderkammer Geilenkirchen eine 2000-Euro-Spende. Am Betriebstag 1 war der Besucherstrom gro\u00df. Das B\u00fcrgerhaus war zeitweise \u00fcberf\u00fcllt.<br \/>\nDoch es war ein langer, beschwerlicher Weg bis die im Juli 2017 gegr\u00fcndete B\u00fcrgerhaus Bauchem gGmbH die Pl\u00e4ne in die Tat umsetzen konnte. Diese gemeinn\u00fctzige Gesellschaft, die aus dem F\u00f6rderverein der Ortsvereine Bauchem hervorgegangen ist, ist jetzt auch der Betreiber. Einige Male zuvor war das Projekt von einflussreichen Kreises der Stadt und des Rates schon totgesagt geworden. Am Ende wurde es aber doch vom Rat durchgewinkt. Und nun steht das gut 400.000 Euro teure B\u00fcrgerhaus im Sportzentrum.<\/p>\n","protected":false},"excerpt":{"rendered":"<p>Nach knapp sechs Jahren Laufzeit ist das Projekt endlich am Ziel. Das B\u00fcrgerhaus Bauchem ist er\u00f6ffnet. Am Sonntag wurde es seiner Bestimmung \u00fcbergeben. Somit haben die B\u00fcrger wieder einen Treffpunkt. B\u00fcrgermeister Georg Schmitz lobte das Gemeinschaftsgef\u00fchl der Vereine und B\u00fcrger. \u201eEs ist faszinierend, mit welcher Geschwindigkeit sich der Ortsteil Bauchem entwickelt und sich mit und&hellip; <a class=\"continue\" href=\"https:\/\/unser-quartier.de\/bauchem\/2019\/02\/das-buergerhaus-bauchem-ist-offiziell-eroeffnet\/\" data-wpel-link=\"internal\"> \u00bb weiterlesen: <span> Das B\u00fcrgerhaus Bauchem ist offiziell er\u00f6ffnet<\/span><\/a><\/p>\n","protected":false},"author":405,"featured_media":4222,"comment_status":"closed","ping_status":"closed","sticky":false,"template":"","format":"standard","meta":{"ngg_post_thumbnail":0,"generate_page_header":"","footnotes":""},"categories":[1],"tags":[],"class_list":["post-4431","post","type-post","status-publish","format-standard","has-post-thumbnail","hentry","category-dies-und-das"],"_links":{"self":[{"href":"https:\/\/unser-quartier.de\/bauchem\/wp-json\/wp\/v2\/posts\/4431","targetHints":{"allow":["GET"]}}],"collection":[{"href":"https:\/\/unser-quartier.de\/bauchem\/wp-json\/wp\/v2\/posts"}],"about":[{"href":"https:\/\/unser-quartier.de\/bauchem\/wp-json\/wp\/v2\/types\/post"}],"author":[{"embeddable":true,"href":"https:\/\/unser-quartier.de\/bauchem\/wp-json\/wp\/v2\/users\/405"}],"replies":[{"embeddable":true,"href":"https:\/\/unser-quartier.de\/bauchem\/wp-json\/wp\/v2\/comments?post=4431"}],"version-history":[{"count":0,"href":"https:\/\/unser-quartier.de\/bauchem\/wp-json\/wp\/v2\/posts\/4431\/revisions"}],"wp:featuredmedia":[{"embeddable":true,"href":"https:\/\/unser-quartier.de\/bauchem\/wp-json\/wp\/v2\/media\/4222"}],"wp:attachment":[{"href":"https:\/\/unser-quartier.de\/bauchem\/wp-json\/wp\/v2\/media?parent=4431"}],"wp:term":[{"taxonomy":"category","embeddable":true,"href":"https:\/\/unser-quartier.de\/bauchem\/wp-json\/wp\/v2\/categories?post=4431"},{"taxonomy":"post_tag","embeddable":true,"href":"https:\/\/unser-quartier.de\/bauchem\/wp-json\/wp\/v2\/tags?post=4431"}],"curies":[{"name":"wp","href":"https:\/\/api.w.org\/{rel}","templated":true}]}}