{"id":5682,"date":"2021-01-21T19:55:01","date_gmt":"2021-01-21T18:55:01","guid":{"rendered":"https:\/\/unser-quartier.de\/bauchem\/?p=5682"},"modified":"2021-01-21T20:24:49","modified_gmt":"2021-01-21T19:24:49","slug":"tatkraeftige-unterstuetzung-im-quartier","status":"publish","type":"post","link":"https:\/\/unser-quartier.de\/bauchem\/2021\/01\/tatkraeftige-unterstuetzung-im-quartier\/","title":{"rendered":"Tatkr\u00e4ftige Unterst\u00fctzung im Quartier"},"content":{"rendered":"<p>Mein Name ist Maike Aatz und ich bin 21 Jahre alt. Ich studiere im siebten Semester Gesellschaftswissenschaften an der RWTH Aachen. Die meisten Menschen sind zun\u00e4chst einmal von der Wahl meines Studiums \u00fcberrascht und k\u00f6nnen sich nichts Konkretes unter diesem Studiengang vorstellen. Mein Studium setzt sich zusammen aus den F\u00e4chern Theologie, Soziologie, Politik und Geschichte.<\/p>\n<p>Durch mein Studium, insbesondere im Bereich Theologie, habe ich viele Ber\u00fchrungspunkte mit der Seniorenarbeit, sowie mit christlichen Werten bzw. Aspekten des Zusammenlebens.<\/p>\n<p>Meine Hobbys sind Tischtennis und Tauchen, w\u00e4hrend der Corona\u2013Pandemie ist auch das Zumba\u2013Tanzen zu einem wichtigen Teil meiner Fithaltem\u00f6glichkeiten\/Fitness geworden. Vor allem jedoch, ist mir das Reisen besonders wichtig, um verschiedene Kulturen und Sprachen kennenzulernen. \u00a0<\/p>\n<p>Auf Grund meines Praktikums war ich bereits 2 Monate im Quartier t\u00e4tig und freue mich, dass ich Sie zuk\u00fcnftig auch als Werksstudentin weiterhin unterst\u00fctzen darf.<\/p>\n<p>Vielleicht lernen Sie mich in n\u00e4chster Zeit ja auch pers\u00f6nlich kennen?!<\/p>\n<p>Ihre Maike Aatz<\/p>\n","protected":false},"excerpt":{"rendered":"<p>Mein Name ist Maike Aatz und ich bin 21 Jahre alt. Ich studiere im siebten Semester Gesellschaftswissenschaften an der RWTH Aachen. Die meisten Menschen sind zun\u00e4chst einmal von der Wahl meines Studiums \u00fcberrascht und k\u00f6nnen sich nichts Konkretes unter diesem Studiengang vorstellen. Mein Studium setzt sich zusammen aus den F\u00e4chern Theologie, Soziologie, Politik und Geschichte.&hellip; <a class=\"continue\" href=\"https:\/\/unser-quartier.de\/bauchem\/2021\/01\/tatkraeftige-unterstuetzung-im-quartier\/\" data-wpel-link=\"internal\"> \u00bb weiterlesen: <span> Tatkr\u00e4ftige Unterst\u00fctzung im Quartier<\/span><\/a><\/p>\n","protected":false},"author":398,"featured_media":5686,"comment_status":"closed","ping_status":"closed","sticky":false,"template":"","format":"standard","meta":{"ngg_post_thumbnail":0,"generate_page_header":"","footnotes":""},"categories":[1],"tags":[],"class_list":["post-5682","post","type-post","status-publish","format-standard","has-post-thumbnail","hentry","category-dies-und-das"],"_links":{"self":[{"href":"https:\/\/unser-quartier.de\/bauchem\/wp-json\/wp\/v2\/posts\/5682","targetHints":{"allow":["GET"]}}],"collection":[{"href":"https:\/\/unser-quartier.de\/bauchem\/wp-json\/wp\/v2\/posts"}],"about":[{"href":"https:\/\/unser-quartier.de\/bauchem\/wp-json\/wp\/v2\/types\/post"}],"author":[{"embeddable":true,"href":"https:\/\/unser-quartier.de\/bauchem\/wp-json\/wp\/v2\/users\/398"}],"replies":[{"embeddable":true,"href":"https:\/\/unser-quartier.de\/bauchem\/wp-json\/wp\/v2\/comments?post=5682"}],"version-history":[{"count":0,"href":"https:\/\/unser-quartier.de\/bauchem\/wp-json\/wp\/v2\/posts\/5682\/revisions"}],"wp:featuredmedia":[{"embeddable":true,"href":"https:\/\/unser-quartier.de\/bauchem\/wp-json\/wp\/v2\/media\/5686"}],"wp:attachment":[{"href":"https:\/\/unser-quartier.de\/bauchem\/wp-json\/wp\/v2\/media?parent=5682"}],"wp:term":[{"taxonomy":"category","embeddable":true,"href":"https:\/\/unser-quartier.de\/bauchem\/wp-json\/wp\/v2\/categories?post=5682"},{"taxonomy":"post_tag","embeddable":true,"href":"https:\/\/unser-quartier.de\/bauchem\/wp-json\/wp\/v2\/tags?post=5682"}],"curies":[{"name":"wp","href":"https:\/\/api.w.org\/{rel}","templated":true}]}}