{"id":5725,"date":"2021-04-29T11:49:41","date_gmt":"2021-04-29T09:49:41","guid":{"rendered":"https:\/\/unser-quartier.de\/bauchem\/?p=5725"},"modified":"2021-04-29T11:49:41","modified_gmt":"2021-04-29T09:49:41","slug":"wir-haben-es-geschafft","status":"publish","type":"post","link":"https:\/\/unser-quartier.de\/bauchem\/2021\/04\/wir-haben-es-geschafft\/","title":{"rendered":"Wir haben es geschafft \u2013"},"content":{"rendered":"<p>die lange Zeit des Wartens ist vorbei &#8211; der Fr\u00fchling ist endlich da. Auch wenn in letzter Zeit noch so manche Schneeflocke die Luft durchschnitten hat, werden die Tage langsam l\u00e4nger, heller und vor allem bunter, die Sonne gewinnt an Kraft!<\/p>\n<p>Mit einem Hauch von Leben und Frische erf\u00fcllt der Fr\u00fchling die Luft. W\u00e4hrend einige Vogelarten bereits die verw\u00f6hnende Jahreszeit besingen, leuchten sie wieder, die gelben Rapsfelder. Mit ihrem strahlenden Sonnengelb setzen sie in den kommenden Wochen wieder auff\u00e4llige Farbakzente.<\/p>\n<p>Wir k\u00f6nnen rausgehen, die sch\u00f6nen warmen Sonnenstrahlen genie\u00dfen und es werden Pl\u00e4ne geschmiedet und so mancher Garten umgegraben. Die frische Luft und die Sonne schenken uns Energie, welche wir in dieser schweren Zeit nur leider zu gut gebrauchen k\u00f6nnen.<\/p>\n<p>Was gibt es jetzt besseres, als mit farbenfrohen Fr\u00fchbl\u00fchern eine h\u00fcbsche Bepflanzung zu gestalten, um sich und anderen damit Gutes zu tun? Dies geht nicht nur im Garten, sondern selbst auf dem kleinsten Balkon.<\/p>\n<p>Haben Sie vielleicht Deko-Tipps, Ideen wie Beete, Rasen oder so mancher Blumentopf ob h\u00e4ngend oder stehend wieder fit gemacht werden k\u00f6nnen? Wir freuen uns sehr \u00fcber Ihre Bilder, Tipps und Tricks um einen perfekten Garten oder Balkon zu gestalten!<a href=\"https:\/\/unser-quartier.de\/bauchem\/files\/2021\/04\/QI-Raps-1.jpg\" data-wpel-link=\"internal\"><img loading=\"lazy\" decoding=\"async\" class=\"alignleft size-medium wp-image-5727\" src=\"https:\/\/unser-quartier.de\/bauchem\/files\/2021\/04\/QI-Raps-1-300x225.jpg\" alt=\"\" width=\"300\" height=\"225\" srcset=\"https:\/\/unser-quartier.de\/bauchem\/files\/2021\/04\/QI-Raps-1-300x225.jpg 300w, https:\/\/unser-quartier.de\/bauchem\/files\/2021\/04\/QI-Raps-1-1024x768.jpg 1024w, https:\/\/unser-quartier.de\/bauchem\/files\/2021\/04\/QI-Raps-1-200x150.jpg 200w, https:\/\/unser-quartier.de\/bauchem\/files\/2021\/04\/QI-Raps-1.jpg 1200w\" sizes=\"auto, (max-width: 300px) 100vw, 300px\" \/><\/a><\/p>\n<p>Nutzen Sie gerne die drei Ihnen bekannten Anlaufstellen, wo das Quartiersb\u00fcro Zuhause ist (Quartierszentrum Bauchem, Pflegeberatung Geilenkirchen oder Tagespflege H\u00fcnshoven) oder schreiben Sie eine E-Mail an: <a href=\"mailto:mhw@quartier-bauchem.de\">mhw@quartier-bauchem.de<\/a><\/p>\n","protected":false},"excerpt":{"rendered":"<p>die lange Zeit des Wartens ist vorbei &#8211; der Fr\u00fchling ist endlich da. Auch wenn in letzter Zeit noch so manche Schneeflocke die Luft durchschnitten hat, werden die Tage langsam l\u00e4nger, heller und vor allem bunter, die Sonne gewinnt an Kraft! Mit einem Hauch von Leben und Frische erf\u00fcllt der Fr\u00fchling die Luft. W\u00e4hrend einige&hellip; <a class=\"continue\" href=\"https:\/\/unser-quartier.de\/bauchem\/2021\/04\/wir-haben-es-geschafft\/\" data-wpel-link=\"internal\"> \u00bb weiterlesen: <span> Wir haben es geschafft \u2013<\/span><\/a><\/p>\n","protected":false},"author":398,"featured_media":5726,"comment_status":"closed","ping_status":"closed","sticky":false,"template":"","format":"standard","meta":{"ngg_post_thumbnail":0,"generate_page_header":"","footnotes":""},"categories":[1,3],"tags":[],"class_list":["post-5725","post","type-post","status-publish","format-standard","has-post-thumbnail","hentry","category-dies-und-das","category-freizeit"],"_links":{"self":[{"href":"https:\/\/unser-quartier.de\/bauchem\/wp-json\/wp\/v2\/posts\/5725","targetHints":{"allow":["GET"]}}],"collection":[{"href":"https:\/\/unser-quartier.de\/bauchem\/wp-json\/wp\/v2\/posts"}],"about":[{"href":"https:\/\/unser-quartier.de\/bauchem\/wp-json\/wp\/v2\/types\/post"}],"author":[{"embeddable":true,"href":"https:\/\/unser-quartier.de\/bauchem\/wp-json\/wp\/v2\/users\/398"}],"replies":[{"embeddable":true,"href":"https:\/\/unser-quartier.de\/bauchem\/wp-json\/wp\/v2\/comments?post=5725"}],"version-history":[{"count":0,"href":"https:\/\/unser-quartier.de\/bauchem\/wp-json\/wp\/v2\/posts\/5725\/revisions"}],"wp:featuredmedia":[{"embeddable":true,"href":"https:\/\/unser-quartier.de\/bauchem\/wp-json\/wp\/v2\/media\/5726"}],"wp:attachment":[{"href":"https:\/\/unser-quartier.de\/bauchem\/wp-json\/wp\/v2\/media?parent=5725"}],"wp:term":[{"taxonomy":"category","embeddable":true,"href":"https:\/\/unser-quartier.de\/bauchem\/wp-json\/wp\/v2\/categories?post=5725"},{"taxonomy":"post_tag","embeddable":true,"href":"https:\/\/unser-quartier.de\/bauchem\/wp-json\/wp\/v2\/tags?post=5725"}],"curies":[{"name":"wp","href":"https:\/\/api.w.org\/{rel}","templated":true}]}}