{"id":6038,"date":"2022-07-13T15:10:40","date_gmt":"2022-07-13T13:10:40","guid":{"rendered":"https:\/\/unser-quartier.de\/bauchem\/?p=6038"},"modified":"2022-07-13T15:10:40","modified_gmt":"2022-07-13T13:10:40","slug":"sonnenblume","status":"publish","type":"post","link":"https:\/\/unser-quartier.de\/bauchem\/2022\/07\/sonnenblume\/","title":{"rendered":"Sonnenblume"},"content":{"rendered":"<p>Familie Mielcarek und ihre Sonnenblume<br \/>\nDie Sonnenblume stammt urspr\u00fcnglich aus Nord \u2013 und S\u00fcdamerika, kein Wunder also, dass diese Blumenart die Sonne so sehr sch\u00e4tzt!<br \/>\nSeefahrer brachten die Sonnenblume mit nach Europa, wo sie als Nutz- und Zierpflanze rasch Verbreitung fand und mittlerweile zu den Stars unter den Schnittblumen geh\u00f6rt. Der Fachbegriff f\u00fcr diese Blume lautet \u201eHelianthus annuus\u201c, was mit \u201eHinwendung zur Sonne\u201c \u00fcbersetzt werden kann.<br \/>\nWegen ihrer attraktiven gro\u00dffl\u00e4chigen und einzigartigen Bl\u00fcten sowie der leuchtenden Farben, die von intensivem Goldgelb \u00fcber Orange bis hin zu Hellrot reichen, erfreuen sich Sonnenblumen auch als Zierpflanzen gr\u00f6\u00dfter Beliebtheit.<br \/>\nDie Sonnenblume versch\u00f6nert nicht nur viele G\u00e4rten und Balkone, sondern auch die Dachterrasse von unseren Mietern, dem Ehepaar Mielcarek, welche sehr stolz auf ihre wundersch\u00f6ne Sonnenblume sind!<br \/>\nWelch eine wundervolle Blume!<br \/>\nMA<\/p>\n","protected":false},"excerpt":{"rendered":"<p>Familie Mielcarek und ihre Sonnenblume Die Sonnenblume stammt urspr\u00fcnglich aus Nord \u2013 und S\u00fcdamerika, kein Wunder also, dass diese Blumenart die Sonne so sehr sch\u00e4tzt! Seefahrer brachten die Sonnenblume mit nach Europa, wo sie als Nutz- und Zierpflanze rasch Verbreitung fand und mittlerweile zu den Stars unter den Schnittblumen geh\u00f6rt. Der Fachbegriff f\u00fcr diese Blume&hellip; <a class=\"continue\" href=\"https:\/\/unser-quartier.de\/bauchem\/2022\/07\/sonnenblume\/\" data-wpel-link=\"internal\"> \u00bb weiterlesen: <span> Sonnenblume<\/span><\/a><\/p>\n","protected":false},"author":398,"featured_media":6039,"comment_status":"closed","ping_status":"closed","sticky":false,"template":"","format":"standard","meta":{"ngg_post_thumbnail":0,"generate_page_header":"","footnotes":""},"categories":[1,77],"tags":[],"class_list":["post-6038","post","type-post","status-publish","format-standard","has-post-thumbnail","hentry","category-dies-und-das","category-quartierszentrum-bauchem"],"_links":{"self":[{"href":"https:\/\/unser-quartier.de\/bauchem\/wp-json\/wp\/v2\/posts\/6038","targetHints":{"allow":["GET"]}}],"collection":[{"href":"https:\/\/unser-quartier.de\/bauchem\/wp-json\/wp\/v2\/posts"}],"about":[{"href":"https:\/\/unser-quartier.de\/bauchem\/wp-json\/wp\/v2\/types\/post"}],"author":[{"embeddable":true,"href":"https:\/\/unser-quartier.de\/bauchem\/wp-json\/wp\/v2\/users\/398"}],"replies":[{"embeddable":true,"href":"https:\/\/unser-quartier.de\/bauchem\/wp-json\/wp\/v2\/comments?post=6038"}],"version-history":[{"count":0,"href":"https:\/\/unser-quartier.de\/bauchem\/wp-json\/wp\/v2\/posts\/6038\/revisions"}],"wp:featuredmedia":[{"embeddable":true,"href":"https:\/\/unser-quartier.de\/bauchem\/wp-json\/wp\/v2\/media\/6039"}],"wp:attachment":[{"href":"https:\/\/unser-quartier.de\/bauchem\/wp-json\/wp\/v2\/media?parent=6038"}],"wp:term":[{"taxonomy":"category","embeddable":true,"href":"https:\/\/unser-quartier.de\/bauchem\/wp-json\/wp\/v2\/categories?post=6038"},{"taxonomy":"post_tag","embeddable":true,"href":"https:\/\/unser-quartier.de\/bauchem\/wp-json\/wp\/v2\/tags?post=6038"}],"curies":[{"name":"wp","href":"https:\/\/api.w.org\/{rel}","templated":true}]}}