{"id":171,"date":"2012-10-14T13:37:22","date_gmt":"2012-10-14T13:37:22","guid":{"rendered":"http:\/\/unser-quartier.de\/boeckmanns-laden\/?p=171"},"modified":"2012-11-19T11:07:46","modified_gmt":"2012-11-19T11:07:46","slug":"freizeit-nach-prerow-in-planung","status":"publish","type":"post","link":"https:\/\/unser-quartier.de\/boeckmanns-laden\/2012\/10\/freizeit-nach-prerow-in-planung\/","title":{"rendered":"Freizeit nach Prerow in Planung"},"content":{"rendered":"<p>Wir planen f\u00fcr September 2013 eine einw\u00f6chige Freizeit nach Prerow auf der Halbinsel Fischland-Dar\u00df-Zingst in der Ostsee. Die Gegend dort bietet eine faszinierende Vielfalt der Natur mit Ostsee, Bodden, D\u00fcnen und Wald. Da es dort keine Berge gibt, l\u00e4sst sich diese wunderbare Landschaft gut mit dem Fahrrad erkunden. Manche Stellen im Nationalpark lassen sich sogar nur per Rad oder zu Fu\u00df erreichen.<!--more--><\/p>\n<p>Im Herbst bietet die Region ein besonderes Schauspiel. Allabendlich finden sich tausende Kraniche im flachen Wasser der Bodden ein, um dort die Nacht zu verbringen. Tags\u00fcber fliegen sie zum Fressen auf die abgeernteten Felder auf dem Festland, um Energiereserven f\u00fcr den Flug nach S\u00fcden anzulegen.<\/p>\n<p>Zwei Frage sind im Moment offen:<\/p>\n<ol>\n<li>Wir k\u00f6nnen ab 10.09.2013 oder ab 24.09.2013 f\u00fcr eine Woche fahren. Von denen, die ernstes Interesse bekundet haben, sind die meisten f\u00fcr den zweiten Termin.<\/li>\n<li>Fahrradmitnahme oder nicht? Man kann dort g\u00fcnstig Fahrr\u00e4der mieten. Aber auf dem eigenen Rad sitzt man meist am besten und Elektror\u00e4der sind dann doch teuer.<\/li>\n<\/ol>\n<p>Sobald es konkreter wird, gibt es weitere Infos.\u00a0<\/p>\n","protected":false},"excerpt":{"rendered":"<p>Wir planen f\u00fcr September 2013 eine einw\u00f6chige Freizeit nach Prerow auf der Halbinsel Fischland-Dar\u00df-Zingst in der Ostsee. Die Gegend dort bietet eine faszinierende Vielfalt der Natur mit Ostsee, Bodden, D\u00fcnen und Wald. Da es dort keine Berge gibt, l\u00e4sst sich diese wunderbare Landschaft gut mit dem Fahrrad erkunden. Manche Stellen im Nationalpark lassen sich sogar &hellip; <a href=\"https:\/\/unser-quartier.de\/boeckmanns-laden\/2012\/10\/freizeit-nach-prerow-in-planung\/\" class=\"more-link\"><span class=\"screen-reader-text\">\u201eFreizeit nach Prerow in Planung\u201c<\/span> weiterlesen<\/a><\/p>\n","protected":false},"author":24,"featured_media":0,"comment_status":"open","ping_status":"open","sticky":false,"template":"","format":"standard","meta":{"_bbp_topic_count":0,"_bbp_reply_count":0,"_bbp_total_topic_count":0,"_bbp_total_reply_count":0,"_bbp_voice_count":0,"_bbp_anonymous_reply_count":0,"_bbp_topic_count_hidden":0,"_bbp_reply_count_hidden":0,"_bbp_forum_subforum_count":0,"ngg_post_thumbnail":0,"jetpack_post_was_ever_published":false,"_jetpack_newsletter_access":"","_jetpack_dont_email_post_to_subs":false,"_jetpack_newsletter_tier_id":0,"_jetpack_memberships_contains_paywalled_content":false,"_jetpack_memberships_contains_paid_content":false,"footnotes":"","jetpack_publicize_message":"","jetpack_publicize_feature_enabled":true,"jetpack_social_post_already_shared":false,"jetpack_social_options":{"image_generator_settings":{"template":"highway","enabled":false},"version":2}},"categories":[8],"tags":[],"class_list":["post-171","post","type-post","status-publish","format-standard","hentry","category-planungen"],"jetpack_publicize_connections":[],"jetpack_sharing_enabled":true,"jetpack_featured_media_url":"","_links":{"self":[{"href":"https:\/\/unser-quartier.de\/boeckmanns-laden\/wp-json\/wp\/v2\/posts\/171","targetHints":{"allow":["GET"]}}],"collection":[{"href":"https:\/\/unser-quartier.de\/boeckmanns-laden\/wp-json\/wp\/v2\/posts"}],"about":[{"href":"https:\/\/unser-quartier.de\/boeckmanns-laden\/wp-json\/wp\/v2\/types\/post"}],"author":[{"embeddable":true,"href":"https:\/\/unser-quartier.de\/boeckmanns-laden\/wp-json\/wp\/v2\/users\/24"}],"replies":[{"embeddable":true,"href":"https:\/\/unser-quartier.de\/boeckmanns-laden\/wp-json\/wp\/v2\/comments?post=171"}],"version-history":[{"count":0,"href":"https:\/\/unser-quartier.de\/boeckmanns-laden\/wp-json\/wp\/v2\/posts\/171\/revisions"}],"wp:attachment":[{"href":"https:\/\/unser-quartier.de\/boeckmanns-laden\/wp-json\/wp\/v2\/media?parent=171"}],"wp:term":[{"taxonomy":"category","embeddable":true,"href":"https:\/\/unser-quartier.de\/boeckmanns-laden\/wp-json\/wp\/v2\/categories?post=171"},{"taxonomy":"post_tag","embeddable":true,"href":"https:\/\/unser-quartier.de\/boeckmanns-laden\/wp-json\/wp\/v2\/tags?post=171"}],"curies":[{"name":"wp","href":"https:\/\/api.w.org\/{rel}","templated":true}]}}