{"id":186,"date":"2012-10-18T21:11:12","date_gmt":"2012-10-18T21:11:12","guid":{"rendered":"http:\/\/unser-quartier.de\/boeckmanns-laden\/?p=186"},"modified":"2012-11-19T11:03:31","modified_gmt":"2012-11-19T11:03:31","slug":"bericht-von-der-fahrt-zum-museum-glashutte-gernheim","status":"publish","type":"post","link":"https:\/\/unser-quartier.de\/boeckmanns-laden\/2012\/10\/bericht-von-der-fahrt-zum-museum-glashutte-gernheim\/","title":{"rendered":"Bericht von der Fahrt zum Museum Glash\u00fctte Gernheim"},"content":{"rendered":"<p>\u00a0(Bericht von Ingrid Hertel)<\/p>\n<div data-carousel-extra='{\"blog_id\":14,\"permalink\":\"https:\\\/\\\/unser-quartier.de\\\/boeckmanns-laden\\\/2012\\\/10\\\/bericht-von-der-fahrt-zum-museum-glashutte-gernheim\\\/\"}' id='gallery-1' class='gallery galleryid-186 gallery-columns-3 gallery-size-thumbnail'><figure class='gallery-item'>\n\t\t\t<div class='gallery-icon portrait'>\n\t\t\t\t<a href='https:\/\/unser-quartier.de\/boeckmanns-laden\/2012\/10\/bericht-von-der-fahrt-zum-museum-glashutte-gernheim\/002-glashutte\/'><img loading=\"lazy\" decoding=\"async\" width=\"150\" height=\"150\" src=\"https:\/\/unser-quartier.de\/boeckmanns-laden\/files\/2012\/10\/002-Glash\u00fctte-150x150.jpg\" class=\"attachment-thumbnail size-thumbnail\" alt=\"\" data-attachment-id=\"188\" data-permalink=\"https:\/\/unser-quartier.de\/boeckmanns-laden\/2012\/10\/bericht-von-der-fahrt-zum-museum-glashutte-gernheim\/002-glashutte\/\" data-orig-file=\"https:\/\/unser-quartier.de\/boeckmanns-laden\/files\/2012\/10\/002-Glash\u00fctte.jpg\" data-orig-size=\"960,1280\" data-comments-opened=\"1\" data-image-meta=\"{&quot;aperture&quot;:&quot;3.5&quot;,&quot;credit&quot;:&quot;&quot;,&quot;camera&quot;:&quot;PENTAX Optio W90&quot;,&quot;caption&quot;:&quot;&quot;,&quot;created_timestamp&quot;:&quot;1350400296&quot;,&quot;copyright&quot;:&quot;&quot;,&quot;focal_length&quot;:&quot;5&quot;,&quot;iso&quot;:&quot;400&quot;,&quot;shutter_speed&quot;:&quot;0.02&quot;,&quot;title&quot;:&quot;&quot;}\" data-image-title=\"002 Glash\u00fctte\" data-image-description=\"\" data-image-caption=\"\" data-medium-file=\"https:\/\/unser-quartier.de\/boeckmanns-laden\/files\/2012\/10\/002-Glash\u00fctte-225x300.jpg\" data-large-file=\"https:\/\/unser-quartier.de\/boeckmanns-laden\/files\/2012\/10\/002-Glash\u00fctte-768x1024.jpg\" \/><\/a>\n\t\t\t<\/div><\/figure>\n\t\t<\/div>\n\n<p>\u00a0Wir haben am Dienstag,den 16.10.2012 mit B\u00f6ckmanns Laden einen Ausflug zur Glash\u00fctte Gernheim bei Petershagen gemacht. Wir sind mit dem Bus und 32 Leuten durch eine wundersch\u00f6ne Herbstlandschaft Richtung Porta gefahren. In Gernheim angekommen, hatten wir eine F\u00fchrung durch die Glash\u00fctte mit einer beeindruckenden Vorf\u00fchrung vom Glasb\u00e4ser zur Formung eines Glases. Anschlie\u00dfend haben wir bei Kaffee und Kuchen die Eindr\u00fccke ausgetauscht. Gegen 17 Uhr haben wir die Heimfahrt angetreten. Es war ein wundersch\u00f6ner Tag.<\/p>\n","protected":false},"excerpt":{"rendered":"<p>\u00a0(Bericht von Ingrid Hertel) \u00a0Wir haben am Dienstag,den 16.10.2012 mit B\u00f6ckmanns Laden einen Ausflug zur Glash\u00fctte Gernheim bei Petershagen gemacht. Wir sind mit dem Bus und 32 Leuten durch eine wundersch\u00f6ne Herbstlandschaft Richtung Porta gefahren. In Gernheim angekommen, hatten wir eine F\u00fchrung durch die Glash\u00fctte mit einer beeindruckenden Vorf\u00fchrung vom Glasb\u00e4ser zur Formung eines Glases. &hellip; <a href=\"https:\/\/unser-quartier.de\/boeckmanns-laden\/2012\/10\/bericht-von-der-fahrt-zum-museum-glashutte-gernheim\/\" class=\"more-link\"><span class=\"screen-reader-text\">\u201eBericht von der Fahrt zum Museum Glash\u00fctte Gernheim\u201c<\/span> weiterlesen<\/a><\/p>\n","protected":false},"author":24,"featured_media":0,"comment_status":"open","ping_status":"open","sticky":false,"template":"","format":"gallery","meta":{"_bbp_topic_count":0,"_bbp_reply_count":0,"_bbp_total_topic_count":0,"_bbp_total_reply_count":0,"_bbp_voice_count":0,"_bbp_anonymous_reply_count":0,"_bbp_topic_count_hidden":0,"_bbp_reply_count_hidden":0,"_bbp_forum_subforum_count":0,"ngg_post_thumbnail":0,"jetpack_post_was_ever_published":false,"_jetpack_newsletter_access":"","_jetpack_dont_email_post_to_subs":false,"_jetpack_newsletter_tier_id":0,"_jetpack_memberships_contains_paywalled_content":false,"_jetpack_memberships_contains_paid_content":false,"footnotes":"","jetpack_publicize_message":"","jetpack_publicize_feature_enabled":true,"jetpack_social_post_already_shared":false,"jetpack_social_options":{"image_generator_settings":{"template":"highway","enabled":false},"version":2}},"categories":[7],"tags":[],"class_list":["post-186","post","type-post","status-publish","format-gallery","hentry","category-berichte","post_format-post-format-gallery"],"jetpack_publicize_connections":[],"jetpack_sharing_enabled":true,"jetpack_featured_media_url":"","_links":{"self":[{"href":"https:\/\/unser-quartier.de\/boeckmanns-laden\/wp-json\/wp\/v2\/posts\/186","targetHints":{"allow":["GET"]}}],"collection":[{"href":"https:\/\/unser-quartier.de\/boeckmanns-laden\/wp-json\/wp\/v2\/posts"}],"about":[{"href":"https:\/\/unser-quartier.de\/boeckmanns-laden\/wp-json\/wp\/v2\/types\/post"}],"author":[{"embeddable":true,"href":"https:\/\/unser-quartier.de\/boeckmanns-laden\/wp-json\/wp\/v2\/users\/24"}],"replies":[{"embeddable":true,"href":"https:\/\/unser-quartier.de\/boeckmanns-laden\/wp-json\/wp\/v2\/comments?post=186"}],"version-history":[{"count":0,"href":"https:\/\/unser-quartier.de\/boeckmanns-laden\/wp-json\/wp\/v2\/posts\/186\/revisions"}],"wp:attachment":[{"href":"https:\/\/unser-quartier.de\/boeckmanns-laden\/wp-json\/wp\/v2\/media?parent=186"}],"wp:term":[{"taxonomy":"category","embeddable":true,"href":"https:\/\/unser-quartier.de\/boeckmanns-laden\/wp-json\/wp\/v2\/categories?post=186"},{"taxonomy":"post_tag","embeddable":true,"href":"https:\/\/unser-quartier.de\/boeckmanns-laden\/wp-json\/wp\/v2\/tags?post=186"}],"curies":[{"name":"wp","href":"https:\/\/api.w.org\/{rel}","templated":true}]}}