{"id":505,"date":"2013-02-17T10:31:32","date_gmt":"2013-02-17T10:31:32","guid":{"rendered":"http:\/\/unser-quartier.de\/boeckmanns-laden\/?p=505"},"modified":"2013-02-19T08:56:25","modified_gmt":"2013-02-19T08:56:25","slug":"fahrradtourenplanung-fur-2013-bei-gerda","status":"publish","type":"post","link":"https:\/\/unser-quartier.de\/boeckmanns-laden\/2013\/02\/fahrradtourenplanung-fur-2013-bei-gerda\/","title":{"rendered":"Fahrradtourenplanung f\u00fcr 2013 bei Gerda"},"content":{"rendered":"<p><a href=\"https:\/\/unser-quartier.de\/boeckmanns-laden\/files\/2013\/02\/100_3768.jpg\" class=\"broken_link\"><img loading=\"lazy\" decoding=\"async\" src=\"https:\/\/unser-quartier.de\/boeckmanns-laden\/files\/2013\/02\/100_3768-300x225.jpg\" alt=\"100_3768\" width=\"300\" height=\"225\" class=\"alignnone size-medium wp-image-514\" \/><\/a><\/p>\n<p><a href=\"https:\/\/unser-quartier.de\/boeckmanns-laden\/files\/2013\/02\/100_3769.jpg\" class=\"broken_link\"><img loading=\"lazy\" decoding=\"async\" src=\"https:\/\/unser-quartier.de\/boeckmanns-laden\/files\/2013\/02\/100_3769-300x225.jpg\" alt=\"100_3769\" width=\"300\" height=\"225\" class=\"alignnone size-medium wp-image-515\" \/><\/a><\/p>\n<p><a href=\"https:\/\/unser-quartier.de\/boeckmanns-laden\/files\/2013\/02\/100_3770.jpg\" class=\"broken_link\"><img loading=\"lazy\" decoding=\"async\" src=\"https:\/\/unser-quartier.de\/boeckmanns-laden\/files\/2013\/02\/100_3770-300x225.jpg\" alt=\"100_3770\" width=\"300\" height=\"225\" class=\"alignnone size-medium wp-image-516\" \/><\/a><\/p>\n<p>Es ist ja schon Tradition, im Februar jeden Jahres findet die Fahrradtourenplanung bei Gerda im Wohnzimmer bei Kaffee und Kuchen statt. Es war ein sch\u00f6ner Nachmittag mit vielen traditionellen Vorschl\u00e4gen zu den Fahrradtouren, aber auch besondere Ideen, zum Beispiel mit dem Bus und Fahrradanh\u00e4nger zur Schachtschleuse Minden , um von dort mit den Fahrr\u00e4dern durch den Schaumburger Wald nach Steinhude zu radeln. Von dort geht es dann wieder mit dem Bus nach Herford. Gerda wir danken Dir f\u00fcr den unterhaltsamen Nachmittag.<\/p>\n<p><a href=\"https:\/\/unser-quartier.de\/boeckmanns-laden\/files\/2013\/02\/100_3767.jpg\" class=\"broken_link\"><img loading=\"lazy\" decoding=\"async\" class=\"alignnone size-thumbnail wp-image-506\" alt=\"100_3767\" src=\"https:\/\/unser-quartier.de\/boeckmanns-laden\/files\/2013\/02\/100_3767-150x112.jpg\" width=\"150\" height=\"112\" \/><\/a><\/p>\n","protected":false},"excerpt":{"rendered":"<p>Es ist ja schon Tradition, im Februar jeden Jahres findet die Fahrradtourenplanung bei Gerda im Wohnzimmer bei Kaffee und Kuchen statt. Es war ein sch\u00f6ner Nachmittag mit vielen traditionellen Vorschl\u00e4gen zu den Fahrradtouren, aber auch besondere Ideen, zum Beispiel mit dem Bus und Fahrradanh\u00e4nger zur Schachtschleuse Minden , um von dort mit den Fahrr\u00e4dern durch &hellip; <a href=\"https:\/\/unser-quartier.de\/boeckmanns-laden\/2013\/02\/fahrradtourenplanung-fur-2013-bei-gerda\/\" class=\"more-link\"><span class=\"screen-reader-text\">\u201eFahrradtourenplanung f\u00fcr 2013 bei Gerda\u201c<\/span> weiterlesen<\/a><\/p>\n","protected":false},"author":39,"featured_media":0,"comment_status":"open","ping_status":"open","sticky":false,"template":"","format":"image","meta":{"_bbp_topic_count":0,"_bbp_reply_count":0,"_bbp_total_topic_count":0,"_bbp_total_reply_count":0,"_bbp_voice_count":0,"_bbp_anonymous_reply_count":0,"_bbp_topic_count_hidden":0,"_bbp_reply_count_hidden":0,"_bbp_forum_subforum_count":0,"ngg_post_thumbnail":0,"jetpack_post_was_ever_published":false,"_jetpack_newsletter_access":"","_jetpack_dont_email_post_to_subs":false,"_jetpack_newsletter_tier_id":0,"_jetpack_memberships_contains_paywalled_content":false,"_jetpack_memberships_contains_paid_content":false,"footnotes":"","jetpack_publicize_message":"","jetpack_publicize_feature_enabled":true,"jetpack_social_post_already_shared":true,"jetpack_social_options":{"image_generator_settings":{"template":"highway","enabled":false},"version":2}},"categories":[7],"tags":[],"class_list":["post-505","post","type-post","status-publish","format-image","hentry","category-berichte","post_format-post-format-image"],"jetpack_publicize_connections":[],"jetpack_sharing_enabled":true,"jetpack_featured_media_url":"","_links":{"self":[{"href":"https:\/\/unser-quartier.de\/boeckmanns-laden\/wp-json\/wp\/v2\/posts\/505","targetHints":{"allow":["GET"]}}],"collection":[{"href":"https:\/\/unser-quartier.de\/boeckmanns-laden\/wp-json\/wp\/v2\/posts"}],"about":[{"href":"https:\/\/unser-quartier.de\/boeckmanns-laden\/wp-json\/wp\/v2\/types\/post"}],"author":[{"embeddable":true,"href":"https:\/\/unser-quartier.de\/boeckmanns-laden\/wp-json\/wp\/v2\/users\/39"}],"replies":[{"embeddable":true,"href":"https:\/\/unser-quartier.de\/boeckmanns-laden\/wp-json\/wp\/v2\/comments?post=505"}],"version-history":[{"count":0,"href":"https:\/\/unser-quartier.de\/boeckmanns-laden\/wp-json\/wp\/v2\/posts\/505\/revisions"}],"wp:attachment":[{"href":"https:\/\/unser-quartier.de\/boeckmanns-laden\/wp-json\/wp\/v2\/media?parent=505"}],"wp:term":[{"taxonomy":"category","embeddable":true,"href":"https:\/\/unser-quartier.de\/boeckmanns-laden\/wp-json\/wp\/v2\/categories?post=505"},{"taxonomy":"post_tag","embeddable":true,"href":"https:\/\/unser-quartier.de\/boeckmanns-laden\/wp-json\/wp\/v2\/tags?post=505"}],"curies":[{"name":"wp","href":"https:\/\/api.w.org\/{rel}","templated":true}]}}