{"id":5348,"date":"2026-08-29T20:47:33","date_gmt":"2026-08-29T20:47:33","guid":{"rendered":"https:\/\/unser-quartier.de\/boeckmanns-laden\/?p=5348"},"modified":"2026-08-29T20:49:16","modified_gmt":"2026-08-29T20:49:16","slug":"radtour-von-muehle-zu-muehle","status":"publish","type":"post","link":"https:\/\/unser-quartier.de\/boeckmanns-laden\/2026\/08\/radtour-von-muehle-zu-muehle\/","title":{"rendered":"Radtour von M\u00fchle zu M\u00fchle"},"content":{"rendered":"<p>Wir fahren mit Autos und Fahrradmitnahme zur Windm\u00fchle in S\u00fcdhemmern. Von dort radeln wir durch die flache Landschaft auf verkehrsarmen Stra\u00dfen zur Windm\u00fchle in Messlingen, wo wir reichlich bewirtet werden. Anschlie\u00dfend kehren wir auf einer anderen Strecke zum Ausgangsort zur\u00fcck. <strong>Anmeldung bis Dienstag, 08.09.2026&nbsp;<\/strong><\/p>\n<p>Treffen am Lutherhaus: <strong>Freitag, 11.09.2026, 09.00 Uhr<\/strong><\/p>\n<p><img decoding=\"async\" src=\"https:\/\/unser-quartier.de\/boeckmanns-laden\/files\/2026\/08\/Muehle-Messlingen.jpg\"><\/p>\n","protected":false},"excerpt":{"rendered":"<p>Wir fahren mit Autos und Fahrradmitnahme zur Windm\u00fchle in S\u00fcdhemmern. Von dort radeln wir durch die flache Landschaft auf verkehrsarmen Stra\u00dfen zur Windm\u00fchle in Messlingen, wo wir reichlich bewirtet werden. Anschlie\u00dfend kehren wir auf einer anderen Strecke zum Ausgangsort zur\u00fcck. Anmeldung bis Dienstag, 08.09.2026&nbsp; Treffen am Lutherhaus: Freitag, 11.09.2026, 09.00 Uhr<\/p>\n","protected":false},"author":24,"featured_media":0,"comment_status":"open","ping_status":"open","sticky":false,"template":"","format":"standard","meta":{"_bbp_topic_count":0,"_bbp_reply_count":0,"_bbp_total_topic_count":0,"_bbp_total_reply_count":0,"_bbp_voice_count":0,"_bbp_anonymous_reply_count":0,"_bbp_topic_count_hidden":0,"_bbp_reply_count_hidden":0,"_bbp_forum_subforum_count":0,"ngg_post_thumbnail":0,"jetpack_post_was_ever_published":false,"_jetpack_newsletter_access":"","_jetpack_dont_email_post_to_subs":false,"_jetpack_newsletter_tier_id":0,"_jetpack_memberships_contains_paywalled_content":false,"_jetpack_memberships_contains_paid_content":false,"footnotes":"","jetpack_publicize_message":"","jetpack_publicize_feature_enabled":true,"jetpack_social_post_already_shared":true,"jetpack_social_options":{"image_generator_settings":{"template":"highway","enabled":false},"version":2}},"categories":[1,15],"tags":[],"class_list":["post-5348","post","type-post","status-publish","format-standard","hentry","category-allgemein","category-fahrradtouren"],"jetpack_publicize_connections":[],"jetpack_sharing_enabled":true,"jetpack_featured_media_url":"","_links":{"self":[{"href":"https:\/\/unser-quartier.de\/boeckmanns-laden\/wp-json\/wp\/v2\/posts\/5348","targetHints":{"allow":["GET"]}}],"collection":[{"href":"https:\/\/unser-quartier.de\/boeckmanns-laden\/wp-json\/wp\/v2\/posts"}],"about":[{"href":"https:\/\/unser-quartier.de\/boeckmanns-laden\/wp-json\/wp\/v2\/types\/post"}],"author":[{"embeddable":true,"href":"https:\/\/unser-quartier.de\/boeckmanns-laden\/wp-json\/wp\/v2\/users\/24"}],"replies":[{"embeddable":true,"href":"https:\/\/unser-quartier.de\/boeckmanns-laden\/wp-json\/wp\/v2\/comments?post=5348"}],"version-history":[{"count":2,"href":"https:\/\/unser-quartier.de\/boeckmanns-laden\/wp-json\/wp\/v2\/posts\/5348\/revisions"}],"predecessor-version":[{"id":5350,"href":"https:\/\/unser-quartier.de\/boeckmanns-laden\/wp-json\/wp\/v2\/posts\/5348\/revisions\/5350"}],"wp:attachment":[{"href":"https:\/\/unser-quartier.de\/boeckmanns-laden\/wp-json\/wp\/v2\/media?parent=5348"}],"wp:term":[{"taxonomy":"category","embeddable":true,"href":"https:\/\/unser-quartier.de\/boeckmanns-laden\/wp-json\/wp\/v2\/categories?post=5348"},{"taxonomy":"post_tag","embeddable":true,"href":"https:\/\/unser-quartier.de\/boeckmanns-laden\/wp-json\/wp\/v2\/tags?post=5348"}],"curies":[{"name":"wp","href":"https:\/\/api.w.org\/{rel}","templated":true}]}}