{"id":5352,"date":"2026-08-30T20:59:53","date_gmt":"2026-08-30T20:59:53","guid":{"rendered":"https:\/\/unser-quartier.de\/boeckmanns-laden\/?p=5352"},"modified":"2026-08-30T21:06:22","modified_gmt":"2026-08-30T21:06:22","slug":"fahrt-zum-park-von-rila-in-levern","status":"publish","type":"post","link":"https:\/\/unser-quartier.de\/boeckmanns-laden\/2026\/08\/fahrt-zum-park-von-rila-in-levern\/","title":{"rendered":"Fahrt zum Park von Rila in Levern"},"content":{"rendered":"<p>Die Firma Rila importiert Lebensmittel aus verschiedensten L\u00e4ndern. Passend dazu hat man am Firmensitz die &#8222;G\u00e4rten der Sinne&#8220; anlegen lassen. In diesen kleinen G\u00e4rten soll die Atmosph\u00e4re der Herkunftsl\u00e4nder erlebbar werden.<\/p>\n<p>ngg_shortcode_0_placeholderKosten:&nbsp; &nbsp; &nbsp; &nbsp; &nbsp; &nbsp;25,00 Euro (incl. Kaffeetrinken)<\/p>\n<p><strong>Termin: Mittwoch, 09.09.2026<\/strong><\/p>\n<table style=\"border-collapse: collapse; width: 100%;\">\n<tbody>\n<tr>\n<td style=\"width: 14%;\">Abfahrt:<\/td>\n<td style=\"width: 56.6666%;\">Bushaltestelle G\u00e4nsemarkt:<\/td>\n<td style=\"width: 29.3333%;\">13.50 Uhr<\/td>\n<\/tr>\n<tr>\n<td style=\"width: 14%;\">&nbsp;<\/td>\n<td style=\"width: 56.6666%;\">Bushaltestelle Ballerstra\u00dfe:<\/td>\n<td style=\"width: 29.3333%;\">&nbsp;13.55 Uhr<\/td>\n<\/tr>\n<tr>\n<td style=\"width: 14%;\">&nbsp;<\/td>\n<td style=\"width: 56.6666%;\">Bushaltestelle Am Knie:<\/td>\n<td style=\"width: 29.3333%;\">&nbsp;14.00 Uhr<\/td>\n<\/tr>\n<tr>\n<td style=\"width: 14%;\">&nbsp;<\/td>\n<td style=\"width: 56.6666%;\">Bushaltestelle Herringhausen Schule:<\/td>\n<td style=\"width: 29.3333%;\">&nbsp;14.05 Uhr<\/td>\n<\/tr>\n<\/tbody>\n<\/table>\n","protected":false},"excerpt":{"rendered":"<p>Die Firma Rila importiert Lebensmittel aus verschiedensten L\u00e4ndern. Passend dazu hat man am Firmensitz die &#8222;G\u00e4rten der Sinne&#8220; anlegen lassen. In diesen kleinen G\u00e4rten soll die Atmosph\u00e4re der Herkunftsl\u00e4nder erlebbar werden. Kosten:&nbsp; &nbsp; &nbsp; &nbsp; &nbsp; &nbsp;25,00 Euro (incl. Kaffeetrinken) Termin: Mittwoch, 09.09.2026 Abfahrt: Bushaltestelle G\u00e4nsemarkt: 13.50 Uhr &nbsp; Bushaltestelle Ballerstra\u00dfe: &nbsp;13.55 Uhr &nbsp; Bushaltestelle &hellip; <a href=\"https:\/\/unser-quartier.de\/boeckmanns-laden\/2026\/08\/fahrt-zum-park-von-rila-in-levern\/\" class=\"more-link\"><span class=\"screen-reader-text\">\u201eFahrt zum Park von Rila in Levern\u201c<\/span> weiterlesen<\/a><\/p>\n","protected":false},"author":24,"featured_media":0,"comment_status":"open","ping_status":"open","sticky":false,"template":"","format":"standard","meta":{"_bbp_topic_count":0,"_bbp_reply_count":0,"_bbp_total_topic_count":0,"_bbp_total_reply_count":0,"_bbp_voice_count":0,"_bbp_anonymous_reply_count":0,"_bbp_topic_count_hidden":0,"_bbp_reply_count_hidden":0,"_bbp_forum_subforum_count":0,"ngg_post_thumbnail":0,"jetpack_post_was_ever_published":false,"_jetpack_newsletter_access":"","_jetpack_dont_email_post_to_subs":false,"_jetpack_newsletter_tier_id":0,"_jetpack_memberships_contains_paywalled_content":false,"_jetpack_memberships_contains_paid_content":false,"footnotes":"","jetpack_publicize_message":"","jetpack_publicize_feature_enabled":true,"jetpack_social_post_already_shared":true,"jetpack_social_options":{"image_generator_settings":{"template":"highway","enabled":false},"version":2}},"categories":[1],"tags":[],"class_list":["post-5352","post","type-post","status-publish","format-standard","hentry","category-allgemein"],"jetpack_publicize_connections":[],"jetpack_sharing_enabled":true,"jetpack_featured_media_url":"","_links":{"self":[{"href":"https:\/\/unser-quartier.de\/boeckmanns-laden\/wp-json\/wp\/v2\/posts\/5352","targetHints":{"allow":["GET"]}}],"collection":[{"href":"https:\/\/unser-quartier.de\/boeckmanns-laden\/wp-json\/wp\/v2\/posts"}],"about":[{"href":"https:\/\/unser-quartier.de\/boeckmanns-laden\/wp-json\/wp\/v2\/types\/post"}],"author":[{"embeddable":true,"href":"https:\/\/unser-quartier.de\/boeckmanns-laden\/wp-json\/wp\/v2\/users\/24"}],"replies":[{"embeddable":true,"href":"https:\/\/unser-quartier.de\/boeckmanns-laden\/wp-json\/wp\/v2\/comments?post=5352"}],"version-history":[{"count":3,"href":"https:\/\/unser-quartier.de\/boeckmanns-laden\/wp-json\/wp\/v2\/posts\/5352\/revisions"}],"predecessor-version":[{"id":5361,"href":"https:\/\/unser-quartier.de\/boeckmanns-laden\/wp-json\/wp\/v2\/posts\/5352\/revisions\/5361"}],"wp:attachment":[{"href":"https:\/\/unser-quartier.de\/boeckmanns-laden\/wp-json\/wp\/v2\/media?parent=5352"}],"wp:term":[{"taxonomy":"category","embeddable":true,"href":"https:\/\/unser-quartier.de\/boeckmanns-laden\/wp-json\/wp\/v2\/categories?post=5352"},{"taxonomy":"post_tag","embeddable":true,"href":"https:\/\/unser-quartier.de\/boeckmanns-laden\/wp-json\/wp\/v2\/tags?post=5352"}],"curies":[{"name":"wp","href":"https:\/\/api.w.org\/{rel}","templated":true}]}}