{"id":10051,"date":"2020-05-26T15:06:25","date_gmt":"2020-05-26T13:06:25","guid":{"rendered":"https:\/\/unser-quartier.de\/braunsfeld\/?p=10051"},"modified":"2020-06-11T11:36:35","modified_gmt":"2020-06-11T09:36:35","slug":"die-corona-pandemie-und-die-auswirkungen-auf-das-seniorennetzwerk-braunsfeld-2","status":"publish","type":"post","link":"https:\/\/unser-quartier.de\/braunsfeld\/2020\/05\/die-corona-pandemie-und-die-auswirkungen-auf-das-seniorennetzwerk-braunsfeld-2\/","title":{"rendered":"Die Corona-Pandemie und die Auswirkungen auf das SeniorenNetzwerk Braunsfeld"},"content":{"rendered":"\n<div class=\"textwidget\">\n<p>Liebe Seniorinnen und Senioren,<\/p>\n<p>aufgrund der aktuellen Entwicklung der Corona-Pandemie m\u00f6chten wir Sie dar\u00fcber informieren, dass&nbsp; Aktivit\u00e4ten mit einer gr\u00f6\u00dferen Teilnehmerzahl bis auf weiteres nicht stattfinden. Kurse mit einer kleineren Teilnehmerzahl finden ab 1. Juni wieder statt. Wenden Sie sich bitte an die entsprechenden KursleiterInnen.<\/p>\n<p>Aktuelle Informationen finden Sie auf unserer Homepage und im Schaukasten vor der Kita \u201eLiebevolle Kinderzeit\u201c in der Wiethasestra\u00dfe 52.<\/p>\n<p>Wir w\u00fcnschen Ihnen allen weiterhin eine gute Zeit, passen Sie auf sich auf und kommen Sie gesund durch diese ungew\u00f6hnlichen n\u00e4chsten Wochen.<\/p>\n<\/div>\n","protected":false},"excerpt":{"rendered":"<p>Liebe Seniorinnen und Senioren, aufgrund der aktuellen Entwicklung der Corona-Pandemie m\u00f6chten wir Sie dar\u00fcber informieren, dass&nbsp; Aktivit\u00e4ten mit einer gr\u00f6\u00dferen Teilnehmerzahl bis auf weiteres nicht stattfinden. Kurse mit einer kleineren Teilnehmerzahl finden ab 1. Juni wieder statt. Wenden Sie sich bitte an die entsprechenden KursleiterInnen. Aktuelle Informationen finden Sie auf unserer Homepage und im Schaukasten&hellip; <a class=\"continue\" href=\"https:\/\/unser-quartier.de\/braunsfeld\/2020\/05\/die-corona-pandemie-und-die-auswirkungen-auf-das-seniorennetzwerk-braunsfeld-2\/\" data-wpel-link=\"internal\"> \u00bb weiterlesen: <span> Die Corona-Pandemie und die Auswirkungen auf das SeniorenNetzwerk Braunsfeld<\/span><\/a><\/p>\n","protected":false},"author":526,"featured_media":0,"comment_status":"closed","ping_status":"closed","sticky":false,"template":"","format":"standard","meta":{"generate_page_header":"","footnotes":""},"categories":[1],"tags":[],"class_list":["post-10051","post","type-post","status-publish","format-standard","hentry","category-dies-und-das"],"_links":{"self":[{"href":"https:\/\/unser-quartier.de\/braunsfeld\/wp-json\/wp\/v2\/posts\/10051","targetHints":{"allow":["GET"]}}],"collection":[{"href":"https:\/\/unser-quartier.de\/braunsfeld\/wp-json\/wp\/v2\/posts"}],"about":[{"href":"https:\/\/unser-quartier.de\/braunsfeld\/wp-json\/wp\/v2\/types\/post"}],"author":[{"embeddable":true,"href":"https:\/\/unser-quartier.de\/braunsfeld\/wp-json\/wp\/v2\/users\/526"}],"replies":[{"embeddable":true,"href":"https:\/\/unser-quartier.de\/braunsfeld\/wp-json\/wp\/v2\/comments?post=10051"}],"version-history":[{"count":0,"href":"https:\/\/unser-quartier.de\/braunsfeld\/wp-json\/wp\/v2\/posts\/10051\/revisions"}],"wp:attachment":[{"href":"https:\/\/unser-quartier.de\/braunsfeld\/wp-json\/wp\/v2\/media?parent=10051"}],"wp:term":[{"taxonomy":"category","embeddable":true,"href":"https:\/\/unser-quartier.de\/braunsfeld\/wp-json\/wp\/v2\/categories?post=10051"},{"taxonomy":"post_tag","embeddable":true,"href":"https:\/\/unser-quartier.de\/braunsfeld\/wp-json\/wp\/v2\/tags?post=10051"}],"curies":[{"name":"wp","href":"https:\/\/api.w.org\/{rel}","templated":true}]}}