{"id":10218,"date":"2020-12-21T14:02:52","date_gmt":"2020-12-21T13:02:52","guid":{"rendered":"https:\/\/unser-quartier.de\/braunsfeld\/?p=10218"},"modified":"2020-12-21T14:02:54","modified_gmt":"2020-12-21T13:02:54","slug":"ffp2-masken","status":"publish","type":"post","link":"https:\/\/unser-quartier.de\/braunsfeld\/2020\/12\/ffp2-masken\/","title":{"rendered":"FFP2 Masken"},"content":{"rendered":"\n<p>Liebe Seniorinnen und Senioren,<\/p>\n<p>die Seniorenvertretung der Stadt K\u00f6ln hat jedem Seniorennetzwerk 40 FFP2 Masken zur Verf\u00fcgung gestellt. Alle, die bisher keine Masken in den Apotheken erhalten oder zus\u00e4tzlichen Bedarf haben, k\u00f6nnen sich am Dienstag n\u00e4chster Woche zwei Masken im SeniorenNetzwerk abholen.<\/p>\n<p><strong>Wo<\/strong>: SeniorenNetzwerk, Wiethasestr.52, 50933 K\u00f6ln-Braunsfeld<\/p>\n<p><strong>Wann<\/strong>: Dienstag, 29.12.20,\u00a0 15 \u2013 16 Uhr<\/p>\n<p>Wir w\u00fcnschen Ihnen ein geruhsames und gesundes Weihnachtsfest und einen guten Rutsch ins neue Jahr.<\/p>\n<p>Ihr SeniorenNetzwerk Braunsfeld<\/p>\n","protected":false},"excerpt":{"rendered":"<p>Liebe Seniorinnen und Senioren, die Seniorenvertretung der Stadt K\u00f6ln hat jedem Seniorennetzwerk 40 FFP2 Masken zur Verf\u00fcgung gestellt. Alle, die bisher keine Masken in den Apotheken erhalten oder zus\u00e4tzlichen Bedarf haben, k\u00f6nnen sich am Dienstag n\u00e4chster Woche zwei Masken im SeniorenNetzwerk abholen. Wo: SeniorenNetzwerk, Wiethasestr.52, 50933 K\u00f6ln-Braunsfeld Wann: Dienstag, 29.12.20,\u00a0 15 \u2013 16 Uhr Wir&hellip; <a class=\"continue\" href=\"https:\/\/unser-quartier.de\/braunsfeld\/2020\/12\/ffp2-masken\/\" data-wpel-link=\"internal\"> \u00bb weiterlesen: <span> FFP2 Masken<\/span><\/a><\/p>\n","protected":false},"author":526,"featured_media":0,"comment_status":"closed","ping_status":"closed","sticky":false,"template":"","format":"standard","meta":{"generate_page_header":"","footnotes":""},"categories":[1],"tags":[],"class_list":["post-10218","post","type-post","status-publish","format-standard","hentry","category-dies-und-das"],"_links":{"self":[{"href":"https:\/\/unser-quartier.de\/braunsfeld\/wp-json\/wp\/v2\/posts\/10218","targetHints":{"allow":["GET"]}}],"collection":[{"href":"https:\/\/unser-quartier.de\/braunsfeld\/wp-json\/wp\/v2\/posts"}],"about":[{"href":"https:\/\/unser-quartier.de\/braunsfeld\/wp-json\/wp\/v2\/types\/post"}],"author":[{"embeddable":true,"href":"https:\/\/unser-quartier.de\/braunsfeld\/wp-json\/wp\/v2\/users\/526"}],"replies":[{"embeddable":true,"href":"https:\/\/unser-quartier.de\/braunsfeld\/wp-json\/wp\/v2\/comments?post=10218"}],"version-history":[{"count":0,"href":"https:\/\/unser-quartier.de\/braunsfeld\/wp-json\/wp\/v2\/posts\/10218\/revisions"}],"wp:attachment":[{"href":"https:\/\/unser-quartier.de\/braunsfeld\/wp-json\/wp\/v2\/media?parent=10218"}],"wp:term":[{"taxonomy":"category","embeddable":true,"href":"https:\/\/unser-quartier.de\/braunsfeld\/wp-json\/wp\/v2\/categories?post=10218"},{"taxonomy":"post_tag","embeddable":true,"href":"https:\/\/unser-quartier.de\/braunsfeld\/wp-json\/wp\/v2\/tags?post=10218"}],"curies":[{"name":"wp","href":"https:\/\/api.w.org\/{rel}","templated":true}]}}