{"id":11065,"date":"2021-08-24T11:42:52","date_gmt":"2021-08-24T09:42:52","guid":{"rendered":"https:\/\/unser-quartier.de\/braunsfeld\/?p=11065"},"modified":"2021-08-24T11:42:55","modified_gmt":"2021-08-24T09:42:55","slug":"ausstellung-markus-derkum-good-weather-bad-weather","status":"publish","type":"post","link":"https:\/\/unser-quartier.de\/braunsfeld\/2021\/08\/ausstellung-markus-derkum-good-weather-bad-weather\/","title":{"rendered":"Ausstellung: Markus Derkum \u201eGood Weather \/ Bad Weather\u201c"},"content":{"rendered":"\n<div class=\"entry-content\">\n<p><a href=\"https:\/\/unser-quartier.de\/braunsfeld\/files\/2021\/05\/Markus-Portrait-1.jpg\" data-slb-active=\"1\" data-slb-asset=\"740437671\" data-slb-internal=\"0\" data-slb-group=\"10665\" data-wpel-link=\"internal\"><img loading=\"lazy\" decoding=\"async\" class=\"wp-image-10762 alignright\" src=\"https:\/\/unser-quartier.de\/braunsfeld\/files\/2021\/05\/Markus-Portrait-1.jpg\" sizes=\"auto, (max-width: 242px) 100vw, 242px\" srcset=\"https:\/\/unser-quartier.de\/braunsfeld\/files\/2021\/05\/Markus-Portrait-1.jpg 1200w, https:\/\/unser-quartier.de\/braunsfeld\/files\/2021\/05\/Markus-Portrait-1-300x186.jpg 300w, https:\/\/unser-quartier.de\/braunsfeld\/files\/2021\/05\/Markus-Portrait-1-1024x636.jpg 1024w, https:\/\/unser-quartier.de\/braunsfeld\/files\/2021\/05\/Markus-Portrait-1-150x93.jpg 150w, https:\/\/unser-quartier.de\/braunsfeld\/files\/2021\/05\/Markus-Portrait-1-768x477.jpg 768w\" alt=\"\" width=\"242\" height=\"150\" data-attachment-id=\"10762\" data-permalink=\"https:\/\/unser-quartier.de\/braunsfeld\/ausstellung-markus-derkum-good-weather-bad-weather\/markus-portrait-1\/#main\" data-orig-file=\"https:\/\/unser-quartier.de\/braunsfeld\/files\/2021\/05\/Markus-Portrait-1.jpg\" data-orig-size=\"1200,745\" data-comments-opened=\"0\" data-image-meta=\"{&quot;aperture&quot;:&quot;2.8&quot;,&quot;credit&quot;:&quot;Markus Derkum&quot;,&quot;camera&quot;:&quot;iPhone 7 Plus&quot;,&quot;caption&quot;:&quot;&quot;,&quot;created_timestamp&quot;:&quot;1537181924&quot;,&quot;copyright&quot;:&quot;Markus Derkum&quot;,&quot;focal_length&quot;:&quot;6.6&quot;,&quot;iso&quot;:&quot;20&quot;,&quot;shutter_speed&quot;:&quot;0.0011111111111111&quot;,&quot;title&quot;:&quot;&quot;,&quot;orientation&quot;:&quot;0&quot;}\" data-image-title=\"Markus Portrait-1\" data-image-description=\"\" data-image-caption=\"\" data-medium-file=\"https:\/\/unser-quartier.de\/braunsfeld\/files\/2021\/05\/Markus-Portrait-1-300x186.jpg\" data-large-file=\"https:\/\/unser-quartier.de\/braunsfeld\/files\/2021\/05\/Markus-Portrait-1-1024x636.jpg\" \/><\/a>In seinem zweiten Berufsleben ist Markus Derkum seit 2010 als freischaffender K\u00fcnstler im Bereich Malerei und Fotografie t\u00e4tig.<\/p>\n<p>Schwerpunkte seiner Malerei sind gegenst\u00e4ndliche und abstrakte Motive in Aquarell- und Acryltechniken auf unterschiedlichen Malgr\u00fcnden.<\/p>\n<p>Als Fotograf l\u00e4sst sich Markus Derkum auf Reisen vor allem von\u00a0<a class=\"ext-link wpel-icon-right\" title=\"Externer Link: Landschafts-\" href=\"https:\/\/markus-derkum.de\/fotografie\/landschaften\/\" rel=\"nofollow external noopener noreferrer\" data-wpel-link=\"external\" target=\"_self\">Landschafts-<span class=\"wpel-icon wpel-image wpel-icon-6\"><\/span><\/a>,\u00a0\u00a0<a class=\"ext-link wpel-icon-right\" title=\"Externer Link: Stadt-\u00a0\" href=\"https:\/\/markus-derkum.de\/fotografie\/staedte\/\" rel=\"nofollow external noopener noreferrer\" data-wpel-link=\"external\" target=\"_self\">Stadt-\u00a0<span class=\"wpel-icon wpel-image wpel-icon-6\"><\/span><\/a>und\u00a0<a class=\"ext-link wpel-icon-right\" title=\"Externer Link: Detail-\" href=\"https:\/\/markus-derkum.de\/fotografie\/detail\/\" rel=\"nofollow external noopener noreferrer\" data-wpel-link=\"external\" target=\"_self\">Detail-<span class=\"wpel-icon wpel-image wpel-icon-6\"><\/span><\/a> Motiven inspirieren. Au\u00dferdem arbeitet er mit\u00a0<a class=\"ext-link wpel-icon-right\" title=\"Externer Link: experimenteller Fotografie\" href=\"https:\/\/markus-derkum.de\/fotografie\/experimentell\/\" rel=\"nofollow external noopener noreferrer\" data-wpel-link=\"external\" target=\"_self\">experimenteller Fotografie<span class=\"wpel-icon wpel-image wpel-icon-6\"><\/span><\/a>\u00a0und Luftaufnahmen.<\/p>\n<p>Seine Ausstellung mit dem Titel\u00a0<strong>\u201eGood Weather \/ Bad Weather\u201c<\/strong> zeigt von Ende August bis Mitte September eine Auswahl\u00a0 eindrucksvoller fotografischer Arbeiten die in K\u00f6ln und auf Reisen entstanden sind. \u00a0<\/p>\n<p><strong>Wann:<\/strong> 4.09.2021 bis 26.09.2021, Vernissage 4.09.2021, 11:00 &#8211; 15:00 Uhr<br \/><span style=\"color: #ff0000;\"><strong>Sa.\/So. 11:00-15:00 Uhr, Mi. 11:00-13:00 Uhr<\/strong><\/span><br \/><strong>Wo:<\/strong> ZeitGeist Braunsfeld e.V. Kulturzentrum, Clarenbachplatz 2, 50933 K\u00f6ln<br \/>Einlass gem. der geltenden Corona-Verordnung f\u00fcr Geimpfte, Genesene, Getestete.<\/p>\n<p>N\u00e4heres zum K\u00fcnstler auf:\u00a0<br \/><a class=\"ext-link wpel-icon-right\" title=\"Externer Link: www.markus-derkum.de\" href=\"http:\/\/www.markus-derkum.de\" rel=\"nofollow external noopener noreferrer\" data-wpel-link=\"external\" target=\"_self\">www.markus-derkum.de<span class=\"wpel-icon wpel-image wpel-icon-6\"><\/span><\/a><\/p>\n<\/div>\n<p><iframe loading=\"lazy\" style=\"border: 0;\" src=\"https:\/\/www.google.com\/maps\/embed?pb=!1m18!1m12!1m3!1d2514.230957347801!2d6.8915686163984144!3d50.93794167954542!2m3!1f0!2f0!3f0!3m2!1i1024!2i768!4f13.1!3m3!1m2!1s0x47bf2589c78f6179%3A0x39c0278acc397105!2sZeitgeist%20Braunsfeld%20%E2%80%93%20GenerationenNetzwerk%20e.V.!5e0!3m2!1sde!2sde!4v1620812940795!5m2!1sde!2sde\" width=\"600\" height=\"450\" allowfullscreen=\"allowfullscreen\"><\/iframe><\/p>\n","protected":false},"excerpt":{"rendered":"<p>In seinem zweiten Berufsleben ist Markus Derkum seit 2010 als freischaffender K\u00fcnstler im Bereich Malerei und Fotografie t\u00e4tig. Schwerpunkte seiner Malerei sind gegenst\u00e4ndliche und abstrakte Motive in Aquarell- und Acryltechniken auf unterschiedlichen Malgr\u00fcnden. Als Fotograf l\u00e4sst sich Markus Derkum auf Reisen vor allem von\u00a0Landschafts-,\u00a0\u00a0Stadt-\u00a0und\u00a0Detail- Motiven inspirieren. Au\u00dferdem arbeitet er mit\u00a0experimenteller Fotografie\u00a0und Luftaufnahmen. Seine Ausstellung mit&hellip; <a class=\"continue\" href=\"https:\/\/unser-quartier.de\/braunsfeld\/2021\/08\/ausstellung-markus-derkum-good-weather-bad-weather\/\" data-wpel-link=\"internal\"> \u00bb weiterlesen: <span> Ausstellung: Markus Derkum \u201eGood Weather \/ Bad Weather\u201c<\/span><\/a><\/p>\n","protected":false},"author":526,"featured_media":0,"comment_status":"closed","ping_status":"closed","sticky":false,"template":"","format":"standard","meta":{"generate_page_header":"","footnotes":""},"categories":[1],"tags":[],"class_list":["post-11065","post","type-post","status-publish","format-standard","hentry","category-dies-und-das"],"_links":{"self":[{"href":"https:\/\/unser-quartier.de\/braunsfeld\/wp-json\/wp\/v2\/posts\/11065","targetHints":{"allow":["GET"]}}],"collection":[{"href":"https:\/\/unser-quartier.de\/braunsfeld\/wp-json\/wp\/v2\/posts"}],"about":[{"href":"https:\/\/unser-quartier.de\/braunsfeld\/wp-json\/wp\/v2\/types\/post"}],"author":[{"embeddable":true,"href":"https:\/\/unser-quartier.de\/braunsfeld\/wp-json\/wp\/v2\/users\/526"}],"replies":[{"embeddable":true,"href":"https:\/\/unser-quartier.de\/braunsfeld\/wp-json\/wp\/v2\/comments?post=11065"}],"version-history":[{"count":0,"href":"https:\/\/unser-quartier.de\/braunsfeld\/wp-json\/wp\/v2\/posts\/11065\/revisions"}],"wp:attachment":[{"href":"https:\/\/unser-quartier.de\/braunsfeld\/wp-json\/wp\/v2\/media?parent=11065"}],"wp:term":[{"taxonomy":"category","embeddable":true,"href":"https:\/\/unser-quartier.de\/braunsfeld\/wp-json\/wp\/v2\/categories?post=11065"},{"taxonomy":"post_tag","embeddable":true,"href":"https:\/\/unser-quartier.de\/braunsfeld\/wp-json\/wp\/v2\/tags?post=11065"}],"curies":[{"name":"wp","href":"https:\/\/api.w.org\/{rel}","templated":true}]}}