{"id":15858,"date":"2022-09-30T11:07:00","date_gmt":"2022-09-30T09:07:00","guid":{"rendered":"https:\/\/unser-quartier.de\/braunsfeld\/?p=15858"},"modified":"2022-09-20T11:14:14","modified_gmt":"2022-09-20T09:14:14","slug":"herbstfest","status":"publish","type":"post","link":"https:\/\/unser-quartier.de\/braunsfeld\/2022\/09\/herbstfest\/","title":{"rendered":"Herbstfest"},"content":{"rendered":"\n<h2><b>Einladung<\/b><\/h2>\n<p>Das SeniorenNetzwerk Braunsfeldl\u00e4dt ganz herzlich zum<\/p>\n<h2><span style=\"color: #ff0000;\"><b>Herbstfest<\/b><\/span><\/h2>\n<p>am Samstag, 22. Oktober 2022 um 16:00 Uhr ein.<br \/>Das Herbstfest findet in den R\u00e4umen der Kita in der Wiethasestra\u00dfe 52 statt.<br \/><br \/><img loading=\"lazy\" decoding=\"async\" class=\"alignnone size-medium wp-image-15859\" src=\"https:\/\/unser-quartier.de\/braunsfeld\/files\/2022\/09\/Bild1-300x168.png\" alt=\"\" width=\"300\" height=\"168\" srcset=\"https:\/\/unser-quartier.de\/braunsfeld\/files\/2022\/09\/Bild1-300x168.png 300w, https:\/\/unser-quartier.de\/braunsfeld\/files\/2022\/09\/Bild1-150x84.png 150w, https:\/\/unser-quartier.de\/braunsfeld\/files\/2022\/09\/Bild1.png 538w\" sizes=\"auto, (max-width: 300px) 100vw, 300px\" \/><\/p>\n<p>Zum Thema \u201eGl\u00fccksmomente\u201c werden Texte aus der <br \/>Schreibwerkstatt und Bilder aus der Malgruppe vorgestellt.<\/p>\n<p>Wir freuen uns auf Sie! <br \/>F\u00fcr Essen und Trinken ist gesorgt.<\/p>\n<p>\u00a0<\/p>\n<p><iframe loading=\"lazy\" style=\"border: 0;\" src=\"https:\/\/www.google.com\/maps\/embed?pb=!1m18!1m12!1m3!1d2514.3627124933982!2d6.895506415534603!3d50.93550486017648!2m3!1f0!2f0!3f0!3m2!1i1024!2i768!4f13.1!3m3!1m2!1s0x47bf25298a34e1c5%3A0x1fa5881374b4d61f!2sWiethasestra%C3%9Fe%2052%2C%2050933%20K%C3%B6ln!5e0!3m2!1sde!2sde!4v1663665165512!5m2!1sde!2sde\" width=\"600\" height=\"450\" allowfullscreen=\"allowfullscreen\"><\/iframe><\/p>\n","protected":false},"excerpt":{"rendered":"<p>Einladung Das SeniorenNetzwerk Braunsfeldl\u00e4dt ganz herzlich zum Herbstfest am Samstag, 22. Oktober 2022 um 16:00 Uhr ein.Das Herbstfest findet in den R\u00e4umen der Kita in der Wiethasestra\u00dfe 52 statt. Zum Thema \u201eGl\u00fccksmomente\u201c werden Texte aus der Schreibwerkstatt und Bilder aus der Malgruppe vorgestellt. Wir freuen uns auf Sie! F\u00fcr Essen und Trinken ist gesorgt. \u00a0<\/p>\n","protected":false},"author":526,"featured_media":0,"comment_status":"closed","ping_status":"closed","sticky":false,"template":"","format":"standard","meta":{"generate_page_header":"","footnotes":""},"categories":[1],"tags":[],"class_list":["post-15858","post","type-post","status-publish","format-standard","hentry","category-dies-und-das"],"_links":{"self":[{"href":"https:\/\/unser-quartier.de\/braunsfeld\/wp-json\/wp\/v2\/posts\/15858","targetHints":{"allow":["GET"]}}],"collection":[{"href":"https:\/\/unser-quartier.de\/braunsfeld\/wp-json\/wp\/v2\/posts"}],"about":[{"href":"https:\/\/unser-quartier.de\/braunsfeld\/wp-json\/wp\/v2\/types\/post"}],"author":[{"embeddable":true,"href":"https:\/\/unser-quartier.de\/braunsfeld\/wp-json\/wp\/v2\/users\/526"}],"replies":[{"embeddable":true,"href":"https:\/\/unser-quartier.de\/braunsfeld\/wp-json\/wp\/v2\/comments?post=15858"}],"version-history":[{"count":0,"href":"https:\/\/unser-quartier.de\/braunsfeld\/wp-json\/wp\/v2\/posts\/15858\/revisions"}],"wp:attachment":[{"href":"https:\/\/unser-quartier.de\/braunsfeld\/wp-json\/wp\/v2\/media?parent=15858"}],"wp:term":[{"taxonomy":"category","embeddable":true,"href":"https:\/\/unser-quartier.de\/braunsfeld\/wp-json\/wp\/v2\/categories?post=15858"},{"taxonomy":"post_tag","embeddable":true,"href":"https:\/\/unser-quartier.de\/braunsfeld\/wp-json\/wp\/v2\/tags?post=15858"}],"curies":[{"name":"wp","href":"https:\/\/api.w.org\/{rel}","templated":true}]}}