{"id":16079,"date":"2022-12-15T12:46:00","date_gmt":"2022-12-15T11:46:00","guid":{"rendered":"https:\/\/unser-quartier.de\/braunsfeld\/?p=16079"},"modified":"2022-12-05T12:43:09","modified_gmt":"2022-12-05T11:43:09","slug":"der-nationalsozialismus-in-koeln-braunsfeld","status":"publish","type":"post","link":"https:\/\/unser-quartier.de\/braunsfeld\/2022\/12\/der-nationalsozialismus-in-koeln-braunsfeld\/","title":{"rendered":"<strong>Der Nationalsozialismus in K\u00f6ln\/Braunsfeld<\/strong>"},"content":{"rendered":"\n<p><strong>Ein Gedenkgang &#8211; Ausgehend von der Villa Schr\u00f6der<\/strong><\/p>\n<p>1933 am 04. Januar trafen sich in K\u00f6ln auf Initiative des Bankiers Kurt von Sch\u00f6der in seiner Villa zwei Menschen, die das Schicksal Deutschlands und der Welt bestimmten: Adolf Hitler, der gerne Reichskanzler werden will, es durch Wahlen aber nicht geschafft hat und der Berater von Reichspr\u00e4sident Hindenburg, der fr\u00fchere Reichskanzler von Papen. Eine konservativ-nationale Regierung mit Beteiligung der Nazis steht im Raum. Doch wer wird Reichskanzler?<br \/>In der Villa Schr\u00f6der begann es und 1945 endete das tausendj\u00e4hrige Reich in Schutt und Asche.<br \/>Von der Villa Schr\u00f6der gehen wir durch die braune Vergangenheit Braunsfelds. Dort treffen wir auf das Rechercheteam zur Friedrich-Schmidt-Str. 54a. Am Petershof in M\u00fcngersdorf gibt es einen Einblick in die Hitlerjugendvergangenheit des Hofes. Hildegard Jahn-Schnelle und Kurt Schlechtriemen werden zum Gedenkort Deportationslager K\u00f6ln-M\u00fcngersdorf sprechen. Wir erinnern an die vielen Menschen, die verfolgt und get\u00f6tet wurden.<\/p>\n<p><strong>Roland Sch\u00fcler<\/strong>, Leiter der F\u00fchrung, ist M\u00fcngersdorfer und geh\u00f6rte zum Arbeitskreis zur Errichtung des Gedenkortes Deportationslager. Er hat diese F\u00fchrung 1985 f\u00fcr die Friedensinitiative Braunsfeld\/M\u00fcngersdorf zum ersten Mal gehalten.<br \/>Eine Anmeldung ist erforderlich!\u00a0 Der Weg ist ca 5km lang und dauert 3 Stunden.\u00a0<\/p>\n<p>Eine gemeinsame Veranstaltung von EL-DE-Haus-Verein, dem B\u00fcrgerverein M\u00fcngersdorf, der Machbarschaft Petershof e.V., Zeitgeist e.V. \u00a0und dem Friedensbildungswerk.<\/p>\n<p><strong>Sa 07.01. 2023<\/strong>\u00a0 \/ 14.00 Uhr \/ 3 Ustd \/ Treffpunkt Villa Schr\u00f6der, Stadtwaldg\u00fcrtel 35,<br \/>50933 K\u00f6ln, Kostenbeitrag 12 (10) Euro \/ Kurs 87-V1 \u00a0\/ Anmeldung erforderlich unter <a href=\"mailto:fbkkoeln@t-online.de\">fbkkoeln@t-online.de<\/a>,\u00a0 Anmeldeschluss: Di 03.01. 2023<\/p>\n<p><strong>oder<\/strong><\/p>\n<p><strong>So 08.01. 2023<\/strong> \/ 14.00 Uhr \/ 3 UStd \/ Treffpunkt Villa Schr\u00f6der, Stadtwaldg\u00fcrtel 35,<br \/>50933 K\u00f6lnKostenbeitrag 12 (10) Euro \/ Kurs 87-V11 \/ Anmeldung erforderlich unter <a href=\"mailto:fbkkoeln@t-online.de\">fbkkoeln@t-online.de<\/a>, Anmeldeschluss: Di 03.01. 2023<\/p>\n\n\n\n<figure class=\"wp-block-image size-full\"><img loading=\"lazy\" decoding=\"async\" width=\"986\" height=\"450\" src=\"https:\/\/unser-quartier.de\/braunsfeld\/files\/2022\/11\/Logo12.png\" alt=\"\" class=\"wp-image-16102\" srcset=\"https:\/\/unser-quartier.de\/braunsfeld\/files\/2022\/11\/Logo12.png 986w, https:\/\/unser-quartier.de\/braunsfeld\/files\/2022\/11\/Logo12-300x137.png 300w, https:\/\/unser-quartier.de\/braunsfeld\/files\/2022\/11\/Logo12-150x68.png 150w, https:\/\/unser-quartier.de\/braunsfeld\/files\/2022\/11\/Logo12-768x351.png 768w\" sizes=\"auto, (max-width: 986px) 100vw, 986px\" \/><\/figure>\n","protected":false},"excerpt":{"rendered":"<p>Ein Gedenkgang &#8211; Ausgehend von der Villa Schr\u00f6der 1933 am 04. Januar trafen sich in K\u00f6ln auf Initiative des Bankiers Kurt von Sch\u00f6der in seiner Villa zwei Menschen, die das Schicksal Deutschlands und der Welt bestimmten: Adolf Hitler, der gerne Reichskanzler werden will, es durch Wahlen aber nicht geschafft hat und der Berater von Reichspr\u00e4sident&hellip; <a class=\"continue\" href=\"https:\/\/unser-quartier.de\/braunsfeld\/2022\/12\/der-nationalsozialismus-in-koeln-braunsfeld\/\" data-wpel-link=\"internal\"> \u00bb weiterlesen: <span> <strong>Der Nationalsozialismus in K\u00f6ln\/Braunsfeld<\/strong><\/span><\/a><\/p>\n","protected":false},"author":526,"featured_media":0,"comment_status":"closed","ping_status":"closed","sticky":false,"template":"","format":"standard","meta":{"generate_page_header":"","footnotes":""},"categories":[76],"tags":[],"class_list":["post-16079","post","type-post","status-publish","format-standard","hentry","category-kunst-und-kultur"],"_links":{"self":[{"href":"https:\/\/unser-quartier.de\/braunsfeld\/wp-json\/wp\/v2\/posts\/16079","targetHints":{"allow":["GET"]}}],"collection":[{"href":"https:\/\/unser-quartier.de\/braunsfeld\/wp-json\/wp\/v2\/posts"}],"about":[{"href":"https:\/\/unser-quartier.de\/braunsfeld\/wp-json\/wp\/v2\/types\/post"}],"author":[{"embeddable":true,"href":"https:\/\/unser-quartier.de\/braunsfeld\/wp-json\/wp\/v2\/users\/526"}],"replies":[{"embeddable":true,"href":"https:\/\/unser-quartier.de\/braunsfeld\/wp-json\/wp\/v2\/comments?post=16079"}],"version-history":[{"count":3,"href":"https:\/\/unser-quartier.de\/braunsfeld\/wp-json\/wp\/v2\/posts\/16079\/revisions"}],"predecessor-version":[{"id":16105,"href":"https:\/\/unser-quartier.de\/braunsfeld\/wp-json\/wp\/v2\/posts\/16079\/revisions\/16105"}],"wp:attachment":[{"href":"https:\/\/unser-quartier.de\/braunsfeld\/wp-json\/wp\/v2\/media?parent=16079"}],"wp:term":[{"taxonomy":"category","embeddable":true,"href":"https:\/\/unser-quartier.de\/braunsfeld\/wp-json\/wp\/v2\/categories?post=16079"},{"taxonomy":"post_tag","embeddable":true,"href":"https:\/\/unser-quartier.de\/braunsfeld\/wp-json\/wp\/v2\/tags?post=16079"}],"curies":[{"name":"wp","href":"https:\/\/api.w.org\/{rel}","templated":true}]}}