{"id":23642,"date":"2026-02-03T11:53:31","date_gmt":"2026-02-03T10:53:31","guid":{"rendered":"https:\/\/unser-quartier.de\/braunsfeld\/?p=23642"},"modified":"2026-02-03T11:59:13","modified_gmt":"2026-02-03T10:59:13","slug":"vortrag-von-georg-moelich-ueber-konrad-adenauers-koeln-auf-dem-weg-zur-metropole-in-der-weimarer-republik","status":"publish","type":"post","link":"https:\/\/unser-quartier.de\/braunsfeld\/2026\/02\/vortrag-von-georg-moelich-ueber-konrad-adenauers-koeln-auf-dem-weg-zur-metropole-in-der-weimarer-republik\/","title":{"rendered":"Vortrag von Georg M\u00f6lich \u00fcber Konrad Adenauers K\u00f6ln auf dem Weg zur Metropole in der Weimarer Republik"},"content":{"rendered":"\n<p><a href=\"https:\/\/unser-quartier.de\/braunsfeld\/files\/2026\/02\/AdenauerVortrag240226Moelich-1.jpg\" data-wpel-link=\"internal\"><img loading=\"lazy\" decoding=\"async\" class=\"alignnone size-large wp-image-23643\" src=\"https:\/\/unser-quartier.de\/braunsfeld\/files\/2026\/02\/AdenauerVortrag240226Moelich-1-724x1024.jpg\" alt=\"\" width=\"724\" height=\"1024\" srcset=\"https:\/\/unser-quartier.de\/braunsfeld\/files\/2026\/02\/AdenauerVortrag240226Moelich-1-724x1024.jpg 724w, https:\/\/unser-quartier.de\/braunsfeld\/files\/2026\/02\/AdenauerVortrag240226Moelich-1-300x424.jpg 300w, https:\/\/unser-quartier.de\/braunsfeld\/files\/2026\/02\/AdenauerVortrag240226Moelich-1-150x212.jpg 150w, https:\/\/unser-quartier.de\/braunsfeld\/files\/2026\/02\/AdenauerVortrag240226Moelich-1-768x1086.jpg 768w, https:\/\/unser-quartier.de\/braunsfeld\/files\/2026\/02\/AdenauerVortrag240226Moelich-1.jpg 849w\" sizes=\"auto, (max-width: 724px) 100vw, 724px\" \/><\/a><\/p>\n\n\n","protected":false},"excerpt":{"rendered":"","protected":false},"author":526,"featured_media":0,"comment_status":"closed","ping_status":"closed","sticky":false,"template":"","format":"standard","meta":{"generate_page_header":"","footnotes":""},"categories":[76,84],"tags":[],"class_list":["post-23642","post","type-post","status-publish","format-standard","hentry","category-kunst-und-kultur","category-vortrag"],"_links":{"self":[{"href":"https:\/\/unser-quartier.de\/braunsfeld\/wp-json\/wp\/v2\/posts\/23642","targetHints":{"allow":["GET"]}}],"collection":[{"href":"https:\/\/unser-quartier.de\/braunsfeld\/wp-json\/wp\/v2\/posts"}],"about":[{"href":"https:\/\/unser-quartier.de\/braunsfeld\/wp-json\/wp\/v2\/types\/post"}],"author":[{"embeddable":true,"href":"https:\/\/unser-quartier.de\/braunsfeld\/wp-json\/wp\/v2\/users\/526"}],"replies":[{"embeddable":true,"href":"https:\/\/unser-quartier.de\/braunsfeld\/wp-json\/wp\/v2\/comments?post=23642"}],"version-history":[{"count":2,"href":"https:\/\/unser-quartier.de\/braunsfeld\/wp-json\/wp\/v2\/posts\/23642\/revisions"}],"predecessor-version":[{"id":23646,"href":"https:\/\/unser-quartier.de\/braunsfeld\/wp-json\/wp\/v2\/posts\/23642\/revisions\/23646"}],"wp:attachment":[{"href":"https:\/\/unser-quartier.de\/braunsfeld\/wp-json\/wp\/v2\/media?parent=23642"}],"wp:term":[{"taxonomy":"category","embeddable":true,"href":"https:\/\/unser-quartier.de\/braunsfeld\/wp-json\/wp\/v2\/categories?post=23642"},{"taxonomy":"post_tag","embeddable":true,"href":"https:\/\/unser-quartier.de\/braunsfeld\/wp-json\/wp\/v2\/tags?post=23642"}],"curies":[{"name":"wp","href":"https:\/\/api.w.org\/{rel}","templated":true}]}}