{"id":3016,"date":"2017-07-19T10:51:25","date_gmt":"2017-07-19T08:51:25","guid":{"rendered":"https:\/\/unser-quartier.de\/braunsfeld\/?p=3016"},"modified":"2019-06-22T12:41:47","modified_gmt":"2019-06-22T10:41:47","slug":"buerger-fragen-politiker-antworten","status":"publish","type":"post","link":"https:\/\/unser-quartier.de\/braunsfeld\/2017\/07\/buerger-fragen-politiker-antworten\/","title":{"rendered":"B\u00fcrger fragen &#8211; Politiker antworten"},"content":{"rendered":"<h5><b>Die Braunsfelder B\u00fcrgerin, Lale Akg\u00fcn, hat alle Kandidatinnen und Kandidaten des K\u00f6lner Westens f\u00fcr die Bundestagswahl am 24. September 2017 eingeladen. Alle haben zugesagt zu kommen.<\/b><\/h5>\n<p>Die Vorstellung der Kandidaten findet am Donnerstag, den 24. August 2017 um 18 Uhr im Clarenbachstift, Peter-von-Fliesteden-Stra\u00dfe 1, 50933 K\u00f6ln-Braunsfeld statt.<\/p>\n<p><!--more--><\/p>\n<h5><b>Es sind die Bundestagskandidaten f\u00fcr den K\u00f6lner Westen<br \/>\n<\/b>Prof. Dr. Heribert Hirte, CDU<br \/>\nElfi Scho-Antwerpes, SPD<br \/>\nMatthias W. Birkwald, Die Linke<br \/>\nSven Lehmann, B\u00fcndnis90\/Die Gr\u00fcnen<br \/>\nDr. Annette Wittm\u00fctz, FDP<br \/>\nStephan Boyens, AfD (Wahlkreis 95)<\/h5>\n<h5>Die Moderation \u00fcbernimmt <b>Astrid Wirtz, <\/b>Redakteurin der Politikredaktion des K\u00f6lner Stadt-Anzeiger.<\/h5>\n<figure id=\"attachment_3021\" aria-describedby=\"caption-attachment-3021\" style=\"width: 290px\" class=\"wp-caption alignnone\"><img loading=\"lazy\" decoding=\"async\" class=\"size-medium wp-image-3021\" src=\"https:\/\/unser-quartier.de\/braunsfeld\/files\/2017\/07\/astrid-wirtz-sw-jpg-300x150.jpg\" alt=\"\" width=\"300\" height=\"150\" srcset=\"https:\/\/unser-quartier.de\/braunsfeld\/files\/2017\/07\/astrid-wirtz-sw-jpg-300x150.jpg 300w, https:\/\/unser-quartier.de\/braunsfeld\/files\/2017\/07\/astrid-wirtz-sw-jpg-150x75.jpg 150w, https:\/\/unser-quartier.de\/braunsfeld\/files\/2017\/07\/astrid-wirtz-sw-jpg-768x384.jpg 768w, https:\/\/unser-quartier.de\/braunsfeld\/files\/2017\/07\/astrid-wirtz-sw-jpg.jpg 790w\" sizes=\"auto, (max-width: 300px) 100vw, 300px\" \/><figcaption id=\"caption-attachment-3021\" class=\"wp-caption-text\">Astrid Wirtz<\/figcaption><\/figure>\n<h5>Die Planungsgruppe des SeniorenNetzwerkes hat folgende Themen vorgeschlagen:<\/h5>\n<h5>Altersarmut \/ Demographischer Wandel \/ Generationengerechtigkeit<\/h5>\n<h5>Verkehrspolitik \/ Enwicklung des \u00f6ffentlichen Verkehrs<\/h5>\n<h5>Teilhabe Behinderter<\/h5>\n<h5>Europapolitik<\/h5>\n<h5>Flucht \/ Vertreibung und die Bek\u00e4mpfung von Fluchtursachen<\/h5>\n<h5>Nat\u00fcrlich k\u00f6nnden die Anwesenden eigen Fragen stellen.<\/h5>\n<h5>Wir freuen und auf deine lebendige und informative Veranstaltung.<\/h5>\n<table id=\"planeblue_background\" cellspacing=\"0\" cellpadding=\"0\">\n<tbody>\n<tr>\n<td id=\"planeblue_background_td\" style=\"width: 719px\" align=\"center\">&nbsp;<\/td>\n<\/tr>\n<\/tbody>\n<\/table>\n","protected":false},"excerpt":{"rendered":"<p>Die Braunsfelder B\u00fcrgerin, Lale Akg\u00fcn, hat alle Kandidatinnen und Kandidaten des K\u00f6lner Westens f\u00fcr die Bundestagswahl am 24. September 2017 eingeladen. Alle haben zugesagt zu kommen. Die Vorstellung der Kandidaten findet am Donnerstag, den 24. August 2017 um 18 Uhr im Clarenbachstift, Peter-von-Fliesteden-Stra\u00dfe 1, 50933 K\u00f6ln-Braunsfeld statt.<\/p>\n","protected":false},"author":525,"featured_media":3017,"comment_status":"closed","ping_status":"closed","sticky":false,"template":"","format":"standard","meta":{"generate_page_header":"","footnotes":""},"categories":[1,5],"tags":[78],"class_list":["post-3016","post","type-post","status-publish","format-standard","has-post-thumbnail","hentry","category-dies-und-das","category-recht","tag-politik"],"_links":{"self":[{"href":"https:\/\/unser-quartier.de\/braunsfeld\/wp-json\/wp\/v2\/posts\/3016","targetHints":{"allow":["GET"]}}],"collection":[{"href":"https:\/\/unser-quartier.de\/braunsfeld\/wp-json\/wp\/v2\/posts"}],"about":[{"href":"https:\/\/unser-quartier.de\/braunsfeld\/wp-json\/wp\/v2\/types\/post"}],"author":[{"embeddable":true,"href":"https:\/\/unser-quartier.de\/braunsfeld\/wp-json\/wp\/v2\/users\/525"}],"replies":[{"embeddable":true,"href":"https:\/\/unser-quartier.de\/braunsfeld\/wp-json\/wp\/v2\/comments?post=3016"}],"version-history":[{"count":0,"href":"https:\/\/unser-quartier.de\/braunsfeld\/wp-json\/wp\/v2\/posts\/3016\/revisions"}],"wp:featuredmedia":[{"embeddable":true,"href":"https:\/\/unser-quartier.de\/braunsfeld\/wp-json\/wp\/v2\/media\/3017"}],"wp:attachment":[{"href":"https:\/\/unser-quartier.de\/braunsfeld\/wp-json\/wp\/v2\/media?parent=3016"}],"wp:term":[{"taxonomy":"category","embeddable":true,"href":"https:\/\/unser-quartier.de\/braunsfeld\/wp-json\/wp\/v2\/categories?post=3016"},{"taxonomy":"post_tag","embeddable":true,"href":"https:\/\/unser-quartier.de\/braunsfeld\/wp-json\/wp\/v2\/tags?post=3016"}],"curies":[{"name":"wp","href":"https:\/\/api.w.org\/{rel}","templated":true}]}}