{"id":3153,"date":"2017-08-31T14:20:50","date_gmt":"2017-08-31T12:20:50","guid":{"rendered":"https:\/\/unser-quartier.de\/braunsfeld\/?p=3153"},"modified":"2019-06-22T12:40:41","modified_gmt":"2019-06-22T10:40:41","slug":"umzug-des-braunsfelder-wochenmarktes","status":"publish","type":"post","link":"https:\/\/unser-quartier.de\/braunsfeld\/2017\/08\/umzug-des-braunsfelder-wochenmarktes\/","title":{"rendered":"Umzug des Braunsfelder Wochenmarktes"},"content":{"rendered":"<h3>Erfolgreicher Umzug<\/h3>\n<figure id=\"attachment_3215\" aria-describedby=\"caption-attachment-3215\" style=\"width: 290px\" class=\"wp-caption alignright\"><a href=\"https:\/\/unser-quartier.de\/braunsfeld\/files\/2017\/08\/Krings2.jpg\" data-wpel-link=\"internal\"><img loading=\"lazy\" decoding=\"async\" class=\"size-medium wp-image-3215\" src=\"https:\/\/unser-quartier.de\/braunsfeld\/files\/2017\/08\/Krings2-300x533.jpg\" alt=\"Stand auf dem Wochenmarkt\" width=\"300\" height=\"533\" srcset=\"https:\/\/unser-quartier.de\/braunsfeld\/files\/2017\/08\/Krings2-300x533.jpg 300w, https:\/\/unser-quartier.de\/braunsfeld\/files\/2017\/08\/Krings2-150x267.jpg 150w, https:\/\/unser-quartier.de\/braunsfeld\/files\/2017\/08\/Krings2-576x1024.jpg 576w, https:\/\/unser-quartier.de\/braunsfeld\/files\/2017\/08\/Krings2.jpg 675w\" sizes=\"auto, (max-width: 300px) 100vw, 300px\" \/><\/a><figcaption id=\"caption-attachment-3215\" class=\"wp-caption-text\">Wochenmarkt<\/figcaption><\/figure>\n<p>Matthias Krings, Sprecher des Braunsfelder Wochenmarkts, freut sich, dass der neue Standort f\u00fcr den alteingesessenen Markt so gut ankommt. &#8220;10 neue St\u00e4nde<\/p>\n<p>sind dazugekommen&#8221; sagt er. Diese Verlagerung ist notwendig geworden, weil am alten Platz an der Clarenbach Kirche gebaut wird.<\/p>\n<p><!--more-->Am neuen Ort, an der Kitschburger Stra\u00dfe am Rand des Stadtwaldes, ist samstags von 7.00 &#8211; 13.00 Uhr viel los (Bericht folgt).<\/p>\n<p>Mittwochs &#8211; ebenfalls von 7.00 &#8211; 13.00 Uhr &#8211; gibt es einen kleineren Markt an der Ecke Kitschburger- und Aachener Stra\u00dfe. &#8220;Der Platz ist gut&#8221;, meint Krings: &#8220;direkt an der KVB Haltestelle, mit zwei Superm\u00e4rkten und der B\u00e4ckerei Merzenich&#8221;, obwohl au\u00dfer Krings nur &nbsp;noch ein Blumenh\u00e4ndler da ist.<\/p>\n<p>&#8220;Fr\u00fcchte Krings&#8221; war schon der Vorkriegszeit pr\u00e4sent, Matthias Krings ist die vierte Generation. Er legt Wert auf regionale und saisonale Produkte und verkauft Kartoffeln und Gem\u00fcse aus eigener Produktion von seinem Hof in Wesseling-Berzdorf. Was er zukauft, hat er selbst einer Geschmacksprobe unterzogen. Ich wage es, Aprikosen zu kaufen, die oft entt\u00e4uschen, weil sie mehlig sind. Diese jedoch aus Frankreich stammenden Aprikosen sind saftig und schmecken hervorragend.<\/p>\n<p>Eine Spezialit\u00e4t von Matthias Krings ist Wild aus der Region, Er verkauft es gut abgehangen oder als Wildragout in Dosen. Vorbestellen kann man auch. Dann gibt es noch diverse Chutneys und Pestos aus eigener Herstellung. Wer noch unschl\u00fcssig ist, was er wie zubereiten soll, erh\u00e4lt Tipps und Anregungen.<\/p>\n<p>Seit 30 Jahren ist Matthias Krings auf dem Markt, schon im Alter von 10 hat er seinem Vater geholfen. Nun ist seine Tochter an der Reihe, die Samstags mitmacht. Er kennt sie alle, die an seinen Stand kommen, es ist Stammkundschaft. Schon morgens um 7.00 Uhr finden sich die ersten ein, um sich vor der Arbeit einzudecken. Kurz vor Schluss sind viele Kisten leer.<\/p>\n<p><a href=\"http:\/\/www.fruechte-krings.com\" data-wpel-link=\"external\" target=\"_self\" rel=\"nofollow external noopener noreferrer\" title=\"Externer Link: www.fruechte-krings.com\" class=\"ext-link wpel-icon-right\">www.fruechte-krings.com<span class=\"wpel-icon wpel-image wpel-icon-6\"><\/span><\/a><\/p>\n","protected":false},"excerpt":{"rendered":"<p>Erfolgreicher Umzug Matthias Krings, Sprecher des Braunsfelder Wochenmarkts, freut sich, dass der neue Standort f\u00fcr den alteingesessenen Markt so gut ankommt. &#8220;10 neue St\u00e4nde sind dazugekommen&#8221; sagt er. Diese Verlagerung ist notwendig geworden, weil am alten Platz an der Clarenbach Kirche gebaut wird.<\/p>\n","protected":false},"author":526,"featured_media":0,"comment_status":"closed","ping_status":"closed","sticky":false,"template":"","format":"standard","meta":{"generate_page_header":"","footnotes":""},"categories":[1],"tags":[],"class_list":["post-3153","post","type-post","status-publish","format-standard","hentry","category-dies-und-das"],"_links":{"self":[{"href":"https:\/\/unser-quartier.de\/braunsfeld\/wp-json\/wp\/v2\/posts\/3153","targetHints":{"allow":["GET"]}}],"collection":[{"href":"https:\/\/unser-quartier.de\/braunsfeld\/wp-json\/wp\/v2\/posts"}],"about":[{"href":"https:\/\/unser-quartier.de\/braunsfeld\/wp-json\/wp\/v2\/types\/post"}],"author":[{"embeddable":true,"href":"https:\/\/unser-quartier.de\/braunsfeld\/wp-json\/wp\/v2\/users\/526"}],"replies":[{"embeddable":true,"href":"https:\/\/unser-quartier.de\/braunsfeld\/wp-json\/wp\/v2\/comments?post=3153"}],"version-history":[{"count":0,"href":"https:\/\/unser-quartier.de\/braunsfeld\/wp-json\/wp\/v2\/posts\/3153\/revisions"}],"wp:attachment":[{"href":"https:\/\/unser-quartier.de\/braunsfeld\/wp-json\/wp\/v2\/media?parent=3153"}],"wp:term":[{"taxonomy":"category","embeddable":true,"href":"https:\/\/unser-quartier.de\/braunsfeld\/wp-json\/wp\/v2\/categories?post=3153"},{"taxonomy":"post_tag","embeddable":true,"href":"https:\/\/unser-quartier.de\/braunsfeld\/wp-json\/wp\/v2\/tags?post=3153"}],"curies":[{"name":"wp","href":"https:\/\/api.w.org\/{rel}","templated":true}]}}