{"id":4880,"date":"2018-11-13T14:44:52","date_gmt":"2018-11-13T13:44:52","guid":{"rendered":"https:\/\/unser-quartier.de\/braunsfeld\/?p=4880"},"modified":"2018-11-14T19:05:51","modified_gmt":"2018-11-14T18:05:51","slug":"kartoffelfest","status":"publish","type":"post","link":"https:\/\/unser-quartier.de\/braunsfeld\/2018\/11\/kartoffelfest\/","title":{"rendered":"Kartoffelfest"},"content":{"rendered":"<h3><a href=\"https:\/\/unser-quartier.de\/braunsfeld\/files\/2018\/11\/Kartoffelfest-neu.png\" data-wpel-link=\"internal\"><img loading=\"lazy\" decoding=\"async\" id=\"longdesc-return-4881\" class=\"wp-image-4881 alignright\" tabindex=\"-1\" src=\"https:\/\/unser-quartier.de\/braunsfeld\/files\/2018\/11\/Kartoffelfest-neu-300x338.png\" alt=\"\" width=\"144\" height=\"162\" longdesc=\"https:\/\/unser-quartier.de\/braunsfeld?longdesc=4881&amp;referrer=4880\" srcset=\"https:\/\/unser-quartier.de\/braunsfeld\/files\/2018\/11\/Kartoffelfest-neu-300x338.png 300w, https:\/\/unser-quartier.de\/braunsfeld\/files\/2018\/11\/Kartoffelfest-neu-150x169.png 150w, https:\/\/unser-quartier.de\/braunsfeld\/files\/2018\/11\/Kartoffelfest-neu.png 382w\" sizes=\"auto, (max-width: 144px) 100vw, 144px\" \/><\/a>Sp\u00e4tsommer statt Herbst \u2013 Kartoffelfest als Treffpunkt f\u00fcr jung und alt<\/h3>\n<p>Eigentlich war es als Herbst-Event gedacht, das Kartoffelfest des Vereins ZeitGeist Generationennetzwerk e.V. und der Seniorenvertretung K\u00f6ln-Lindenthal am 12. Oktober. Doch Petrus meinte es \u00fcberaus gut. Deshalb mussten 2 F\u00e4sser K\u00f6lsch und gef\u00fchlte 100 Portionen Rievkooche an diesem lauen Sp\u00e4tsommerabend \u201edran glauben\u201c.<!--more--><\/p>\n<p>Als gegen 19:00 Uhr die Sonne unterging, war noch lange nicht Schluss im Innenhof des Pfarrhauses der katholischen Kirchengemeinde St. Joseph und Christi Auferstehung in der Wiethasestra\u00dfe 54. Von Swing, Dixieland und Chamber-Jazz der Combo \u201eSide by Side\u201c beschwingt tauschten sich NetzwerkerInnen, Nachbarn, LokalpolitikerInnen und Gesch\u00e4ftsleute aus dem Veedel in angeregten Gespr\u00e4chen bis in vorger\u00fcckte Stunden aus.<\/p>\n<p>Das Gru\u00dfwort der Bezirksb\u00fcrgermeisterin Helga Bl\u00f6mer-Frerker, die dem Verein ZeitGeist und dem GenerationenNetzwerk Erfolg w\u00fcnschte, war der geeignete Startschuss f\u00fcr ein gelungenes Fest. Unser Fazit: weiter so mit Engagement, Kreativit\u00e4t und Spa\u00df an der Freude. Weitere Feste sind nicht nur nicht ausgeschlossen, sondern gesetzt.<\/p>\n<div id='gallery-1' class='gallery galleryid-4880 gallery-columns-3 gallery-size-thumbnail'><figure class='gallery-item'>\n\t\t\t<div class='gallery-icon landscape'>\n\t\t\t\t<a href=\"https:\/\/unser-quartier.de\/braunsfeld\/2018\/11\/kartoffelfest\/bild12\/#main\" data-wpel-link=\"internal\"><img loading=\"lazy\" decoding=\"async\" width=\"150\" height=\"113\" src=\"https:\/\/unser-quartier.de\/braunsfeld\/files\/2018\/11\/Bild12-150x113.jpg\" class=\"attachment-thumbnail size-thumbnail\" alt=\"\" srcset=\"https:\/\/unser-quartier.de\/braunsfeld\/files\/2018\/11\/Bild12-150x113.jpg 150w, https:\/\/unser-quartier.de\/braunsfeld\/files\/2018\/11\/Bild12-300x225.jpg 300w, https:\/\/unser-quartier.de\/braunsfeld\/files\/2018\/11\/Bild12-768x576.jpg 768w, https:\/\/unser-quartier.de\/braunsfeld\/files\/2018\/11\/Bild12-1024x768.jpg 1024w, https:\/\/unser-quartier.de\/braunsfeld\/files\/2018\/11\/Bild12.jpg 1200w\" sizes=\"auto, (max-width: 150px) 100vw, 150px\" \/><\/a>\n\t\t\t<\/div><\/figure><figure class='gallery-item'>\n\t\t\t<div class='gallery-icon landscape'>\n\t\t\t\t<a href=\"https:\/\/unser-quartier.de\/braunsfeld\/2018\/11\/kartoffelfest\/bild1-4\/#main\" data-wpel-link=\"internal\"><img loading=\"lazy\" decoding=\"async\" width=\"150\" height=\"113\" src=\"https:\/\/unser-quartier.de\/braunsfeld\/files\/2018\/11\/Bild1-150x113.jpg\" class=\"attachment-thumbnail size-thumbnail\" alt=\"\" srcset=\"https:\/\/unser-quartier.de\/braunsfeld\/files\/2018\/11\/Bild1-150x113.jpg 150w, https:\/\/unser-quartier.de\/braunsfeld\/files\/2018\/11\/Bild1-300x225.jpg 300w, https:\/\/unser-quartier.de\/braunsfeld\/files\/2018\/11\/Bild1-768x576.jpg 768w, https:\/\/unser-quartier.de\/braunsfeld\/files\/2018\/11\/Bild1-1024x768.jpg 1024w, https:\/\/unser-quartier.de\/braunsfeld\/files\/2018\/11\/Bild1.jpg 1200w\" sizes=\"auto, (max-width: 150px) 100vw, 150px\" \/><\/a>\n\t\t\t<\/div><\/figure><figure class='gallery-item'>\n\t\t\t<div class='gallery-icon landscape'>\n\t\t\t\t<a href=\"https:\/\/unser-quartier.de\/braunsfeld\/2018\/11\/kartoffelfest\/bild6-2\/#main\" data-wpel-link=\"internal\"><img loading=\"lazy\" decoding=\"async\" width=\"150\" height=\"113\" src=\"https:\/\/unser-quartier.de\/braunsfeld\/files\/2018\/11\/bild6-150x113.jpg\" class=\"attachment-thumbnail size-thumbnail\" alt=\"\" srcset=\"https:\/\/unser-quartier.de\/braunsfeld\/files\/2018\/11\/bild6-150x113.jpg 150w, https:\/\/unser-quartier.de\/braunsfeld\/files\/2018\/11\/bild6-300x225.jpg 300w, https:\/\/unser-quartier.de\/braunsfeld\/files\/2018\/11\/bild6-768x576.jpg 768w, https:\/\/unser-quartier.de\/braunsfeld\/files\/2018\/11\/bild6-1024x768.jpg 1024w, https:\/\/unser-quartier.de\/braunsfeld\/files\/2018\/11\/bild6.jpg 1200w\" sizes=\"auto, (max-width: 150px) 100vw, 150px\" \/><\/a>\n\t\t\t<\/div><\/figure><figure class='gallery-item'>\n\t\t\t<div class='gallery-icon landscape'>\n\t\t\t\t<a href=\"https:\/\/unser-quartier.de\/braunsfeld\/2018\/11\/kartoffelfest\/bild4-2\/#main\" data-wpel-link=\"internal\"><img loading=\"lazy\" decoding=\"async\" width=\"150\" height=\"113\" src=\"https:\/\/unser-quartier.de\/braunsfeld\/files\/2018\/11\/bild4-150x113.jpg\" class=\"attachment-thumbnail size-thumbnail\" alt=\"\" srcset=\"https:\/\/unser-quartier.de\/braunsfeld\/files\/2018\/11\/bild4-150x113.jpg 150w, https:\/\/unser-quartier.de\/braunsfeld\/files\/2018\/11\/bild4-300x225.jpg 300w, https:\/\/unser-quartier.de\/braunsfeld\/files\/2018\/11\/bild4-768x576.jpg 768w, https:\/\/unser-quartier.de\/braunsfeld\/files\/2018\/11\/bild4-1024x768.jpg 1024w, https:\/\/unser-quartier.de\/braunsfeld\/files\/2018\/11\/bild4.jpg 1200w\" sizes=\"auto, (max-width: 150px) 100vw, 150px\" \/><\/a>\n\t\t\t<\/div><\/figure><figure class='gallery-item'>\n\t\t\t<div class='gallery-icon landscape'>\n\t\t\t\t<a href=\"https:\/\/unser-quartier.de\/braunsfeld\/2018\/11\/kartoffelfest\/bild5-2\/#main\" data-wpel-link=\"internal\"><img loading=\"lazy\" decoding=\"async\" width=\"150\" height=\"113\" src=\"https:\/\/unser-quartier.de\/braunsfeld\/files\/2018\/11\/bild5-150x113.jpg\" class=\"attachment-thumbnail size-thumbnail\" alt=\"\" srcset=\"https:\/\/unser-quartier.de\/braunsfeld\/files\/2018\/11\/bild5-150x113.jpg 150w, https:\/\/unser-quartier.de\/braunsfeld\/files\/2018\/11\/bild5-300x225.jpg 300w, https:\/\/unser-quartier.de\/braunsfeld\/files\/2018\/11\/bild5-768x576.jpg 768w, https:\/\/unser-quartier.de\/braunsfeld\/files\/2018\/11\/bild5-1024x768.jpg 1024w, https:\/\/unser-quartier.de\/braunsfeld\/files\/2018\/11\/bild5.jpg 1200w\" sizes=\"auto, (max-width: 150px) 100vw, 150px\" \/><\/a>\n\t\t\t<\/div><\/figure><figure class='gallery-item'>\n\t\t\t<div class='gallery-icon landscape'>\n\t\t\t\t<a href=\"https:\/\/unser-quartier.de\/braunsfeld\/2018\/11\/kartoffelfest\/bild3-3\/#main\" data-wpel-link=\"internal\"><img loading=\"lazy\" decoding=\"async\" width=\"150\" height=\"113\" src=\"https:\/\/unser-quartier.de\/braunsfeld\/files\/2018\/11\/Bild3-150x113.jpg\" class=\"attachment-thumbnail size-thumbnail\" alt=\"\" srcset=\"https:\/\/unser-quartier.de\/braunsfeld\/files\/2018\/11\/Bild3-150x113.jpg 150w, https:\/\/unser-quartier.de\/braunsfeld\/files\/2018\/11\/Bild3-300x225.jpg 300w, https:\/\/unser-quartier.de\/braunsfeld\/files\/2018\/11\/Bild3-768x576.jpg 768w, https:\/\/unser-quartier.de\/braunsfeld\/files\/2018\/11\/Bild3-1024x768.jpg 1024w, https:\/\/unser-quartier.de\/braunsfeld\/files\/2018\/11\/Bild3.jpg 1200w\" sizes=\"auto, (max-width: 150px) 100vw, 150px\" \/><\/a>\n\t\t\t<\/div><\/figure>\n\t\t<\/div>\n\n<p>Text: Felix Brode\/Fotos: Ingrid Westbrock<\/p>\n","protected":false},"excerpt":{"rendered":"<p>Sp\u00e4tsommer statt Herbst \u2013 Kartoffelfest als Treffpunkt f\u00fcr jung und alt Eigentlich war es als Herbst-Event gedacht, das Kartoffelfest des Vereins ZeitGeist Generationennetzwerk e.V. und der Seniorenvertretung K\u00f6ln-Lindenthal am 12. Oktober. Doch Petrus meinte es \u00fcberaus gut. Deshalb mussten 2 F\u00e4sser K\u00f6lsch und gef\u00fchlte 100 Portionen Rievkooche an diesem lauen Sp\u00e4tsommerabend \u201edran glauben\u201c.<\/p>\n","protected":false},"author":526,"featured_media":0,"comment_status":"closed","ping_status":"closed","sticky":false,"template":"","format":"standard","meta":{"generate_page_header":"","footnotes":""},"categories":[1,3],"tags":[],"class_list":["post-4880","post","type-post","status-publish","format-standard","hentry","category-dies-und-das","category-freizeit"],"_links":{"self":[{"href":"https:\/\/unser-quartier.de\/braunsfeld\/wp-json\/wp\/v2\/posts\/4880","targetHints":{"allow":["GET"]}}],"collection":[{"href":"https:\/\/unser-quartier.de\/braunsfeld\/wp-json\/wp\/v2\/posts"}],"about":[{"href":"https:\/\/unser-quartier.de\/braunsfeld\/wp-json\/wp\/v2\/types\/post"}],"author":[{"embeddable":true,"href":"https:\/\/unser-quartier.de\/braunsfeld\/wp-json\/wp\/v2\/users\/526"}],"replies":[{"embeddable":true,"href":"https:\/\/unser-quartier.de\/braunsfeld\/wp-json\/wp\/v2\/comments?post=4880"}],"version-history":[{"count":0,"href":"https:\/\/unser-quartier.de\/braunsfeld\/wp-json\/wp\/v2\/posts\/4880\/revisions"}],"wp:attachment":[{"href":"https:\/\/unser-quartier.de\/braunsfeld\/wp-json\/wp\/v2\/media?parent=4880"}],"wp:term":[{"taxonomy":"category","embeddable":true,"href":"https:\/\/unser-quartier.de\/braunsfeld\/wp-json\/wp\/v2\/categories?post=4880"},{"taxonomy":"post_tag","embeddable":true,"href":"https:\/\/unser-quartier.de\/braunsfeld\/wp-json\/wp\/v2\/tags?post=4880"}],"curies":[{"name":"wp","href":"https:\/\/api.w.org\/{rel}","templated":true}]}}