{"id":6886,"date":"2019-05-03T15:54:24","date_gmt":"2019-05-03T13:54:24","guid":{"rendered":"https:\/\/unser-quartier.de\/braunsfeld\/?p=6886"},"modified":"2019-05-03T15:54:24","modified_gmt":"2019-05-03T13:54:24","slug":"tag-der-aelteren-generation","status":"publish","type":"post","link":"https:\/\/unser-quartier.de\/braunsfeld\/2019\/05\/tag-der-aelteren-generation\/","title":{"rendered":"Tag der \u00e4lteren Generation"},"content":{"rendered":"<p>Am 3. April fand der diesj\u00e4hrige Tag der \u00e4lteren Generation im Historischen Rathaus der Stadt statt. <br \/>\nUnter dem Thema \u201eDas Alter &#8211; bunt und lebendig\u201c wurde ein abwechslungsreiches Programm auf der B\u00fchne der Piazetta geboten.<\/p>\n<p>Neben dem themenbezogenen Festvortrag von Frau Prof. Christine Graf sprachen Oberb\u00fcrgermeisterin Frau Reker und der SVK-Sprecher Dr. Theisohn.<!--more--><\/p>\n<p>Durch den Nachmittag begleitete ein Mandolinen-Orchester, ein Shanty-Chor sowie verschiedene Darbietungen durchs Programm. <br \/>\nParallel dazu pr\u00e4sentierten sich im hinteren Teil des Atriums Organisations- und Kreativgruppen verschiedener Netzwerke der Stadtteile mit Infost\u00e4nden. <br \/>\nDas Netzwerk Lindenthal\/Braunsfeld war mit Zeichnungen und Bildern der Malgruppe vertreten und fand bei den Besuchern gro\u00dfe Beachtung und Anerkennung.<\/p>\n<p><a href=\"https:\/\/unser-quartier.de\/braunsfeld\/files\/2019\/05\/IMG_4597.jpg\" data-wpel-link=\"internal\"><img loading=\"lazy\" decoding=\"async\" class=\"alignnone size-medium wp-image-6901\" src=\"https:\/\/unser-quartier.de\/braunsfeld\/files\/2019\/05\/IMG_4597-300x225.jpg\" alt=\"\" width=\"300\" height=\"225\" srcset=\"https:\/\/unser-quartier.de\/braunsfeld\/files\/2019\/05\/IMG_4597-300x225.jpg 300w, https:\/\/unser-quartier.de\/braunsfeld\/files\/2019\/05\/IMG_4597-150x113.jpg 150w, https:\/\/unser-quartier.de\/braunsfeld\/files\/2019\/05\/IMG_4597-768x576.jpg 768w, https:\/\/unser-quartier.de\/braunsfeld\/files\/2019\/05\/IMG_4597-1024x768.jpg 1024w, https:\/\/unser-quartier.de\/braunsfeld\/files\/2019\/05\/IMG_4597.jpg 1200w\" sizes=\"auto, (max-width: 300px) 100vw, 300px\" \/><\/a> <a href=\"https:\/\/unser-quartier.de\/braunsfeld\/files\/2019\/05\/IMG_4574.jpg\" data-wpel-link=\"internal\"><img loading=\"lazy\" decoding=\"async\" class=\"alignnone size-medium wp-image-6900\" src=\"https:\/\/unser-quartier.de\/braunsfeld\/files\/2019\/05\/IMG_4574-300x225.jpg\" alt=\"\" width=\"300\" height=\"225\" srcset=\"https:\/\/unser-quartier.de\/braunsfeld\/files\/2019\/05\/IMG_4574-300x225.jpg 300w, https:\/\/unser-quartier.de\/braunsfeld\/files\/2019\/05\/IMG_4574-150x113.jpg 150w, https:\/\/unser-quartier.de\/braunsfeld\/files\/2019\/05\/IMG_4574-768x576.jpg 768w, https:\/\/unser-quartier.de\/braunsfeld\/files\/2019\/05\/IMG_4574-1024x768.jpg 1024w, https:\/\/unser-quartier.de\/braunsfeld\/files\/2019\/05\/IMG_4574.jpg 1200w\" sizes=\"auto, (max-width: 300px) 100vw, 300px\" \/><\/a><\/p>\n","protected":false},"excerpt":{"rendered":"<p>Am 3. April fand der diesj\u00e4hrige Tag der \u00e4lteren Generation im Historischen Rathaus der Stadt statt. Unter dem Thema \u201eDas Alter &#8211; bunt und lebendig\u201c wurde ein abwechslungsreiches Programm auf der B\u00fchne der Piazetta geboten. Neben dem themenbezogenen Festvortrag von Frau Prof. Christine Graf sprachen Oberb\u00fcrgermeisterin Frau Reker und der SVK-Sprecher Dr. Theisohn.<\/p>\n","protected":false},"author":526,"featured_media":0,"comment_status":"closed","ping_status":"closed","sticky":false,"template":"","format":"standard","meta":{"generate_page_header":"","footnotes":""},"categories":[1,76],"tags":[],"class_list":["post-6886","post","type-post","status-publish","format-standard","hentry","category-dies-und-das","category-kunst-und-kultur"],"_links":{"self":[{"href":"https:\/\/unser-quartier.de\/braunsfeld\/wp-json\/wp\/v2\/posts\/6886","targetHints":{"allow":["GET"]}}],"collection":[{"href":"https:\/\/unser-quartier.de\/braunsfeld\/wp-json\/wp\/v2\/posts"}],"about":[{"href":"https:\/\/unser-quartier.de\/braunsfeld\/wp-json\/wp\/v2\/types\/post"}],"author":[{"embeddable":true,"href":"https:\/\/unser-quartier.de\/braunsfeld\/wp-json\/wp\/v2\/users\/526"}],"replies":[{"embeddable":true,"href":"https:\/\/unser-quartier.de\/braunsfeld\/wp-json\/wp\/v2\/comments?post=6886"}],"version-history":[{"count":0,"href":"https:\/\/unser-quartier.de\/braunsfeld\/wp-json\/wp\/v2\/posts\/6886\/revisions"}],"wp:attachment":[{"href":"https:\/\/unser-quartier.de\/braunsfeld\/wp-json\/wp\/v2\/media?parent=6886"}],"wp:term":[{"taxonomy":"category","embeddable":true,"href":"https:\/\/unser-quartier.de\/braunsfeld\/wp-json\/wp\/v2\/categories?post=6886"},{"taxonomy":"post_tag","embeddable":true,"href":"https:\/\/unser-quartier.de\/braunsfeld\/wp-json\/wp\/v2\/tags?post=6886"}],"curies":[{"name":"wp","href":"https:\/\/api.w.org\/{rel}","templated":true}]}}