{"id":7430,"date":"2019-11-15T13:20:13","date_gmt":"2019-11-15T12:20:13","guid":{"rendered":"https:\/\/unser-quartier.de\/braunsfeld\/?p=7430"},"modified":"2019-11-15T13:22:42","modified_gmt":"2019-11-15T12:22:42","slug":"grillfest-im-kastanienhof","status":"publish","type":"post","link":"https:\/\/unser-quartier.de\/braunsfeld\/2019\/11\/grillfest-im-kastanienhof\/","title":{"rendered":"Grillfest im Kastanienhof"},"content":{"rendered":"<p><strong>Grillfest <\/strong><strong>par excellence<br \/>\n<\/strong><\/p>\n<figure id=\"attachment_7429\" aria-describedby=\"caption-attachment-7429\" style=\"width: 290px\" class=\"wp-caption alignright\"><a href=\"https:\/\/unser-quartier.de\/braunsfeld\/files\/2019\/11\/Grillfest-mit-Stifterin_cr.jpg\" data-wpel-link=\"internal\"><img loading=\"lazy\" decoding=\"async\" class=\"wp-image-7429 size-medium\" src=\"https:\/\/unser-quartier.de\/braunsfeld\/files\/2019\/11\/Grillfest-mit-Stifterin_cr-300x200.jpg\" alt=\"Frau Dr. med. Maria Esser-Kuballa\" width=\"300\" height=\"200\" srcset=\"https:\/\/unser-quartier.de\/braunsfeld\/files\/2019\/11\/Grillfest-mit-Stifterin_cr-300x200.jpg 300w, https:\/\/unser-quartier.de\/braunsfeld\/files\/2019\/11\/Grillfest-mit-Stifterin_cr-1024x683.jpg 1024w, https:\/\/unser-quartier.de\/braunsfeld\/files\/2019\/11\/Grillfest-mit-Stifterin_cr-150x100.jpg 150w, https:\/\/unser-quartier.de\/braunsfeld\/files\/2019\/11\/Grillfest-mit-Stifterin_cr-768x512.jpg 768w, https:\/\/unser-quartier.de\/braunsfeld\/files\/2019\/11\/Grillfest-mit-Stifterin_cr-600x400.jpg 600w, https:\/\/unser-quartier.de\/braunsfeld\/files\/2019\/11\/Grillfest-mit-Stifterin_cr-272x182.jpg 272w, https:\/\/unser-quartier.de\/braunsfeld\/files\/2019\/11\/Grillfest-mit-Stifterin_cr.jpg 1200w\" sizes=\"auto, (max-width: 300px) 100vw, 300px\" \/><\/a><figcaption id=\"caption-attachment-7429\" class=\"wp-caption-text\">Frau Dr. med. Maria Esser-Kuballa<\/figcaption><\/figure>\n<p>Grillfest: wer kennt nicht die Bilder von fr\u00f6hlichen Menschen, die im Sonnenschein auf gr\u00fcner Wiese um einen Grill herumstehen, von Papptellern Grillgut speisen und Bier oder andere akzeptierte Getr\u00e4nke konsumieren. Diese Vorstellung mag auch zahlreiche der Senioren begleitet haben, die am 4. September 2019 einer Einladung von zu einem Grillfest auf den Kastanienhof in Junkersdorf gefolgt waren.<!--more--><\/p>\n<p>Der freundliche Empfang auf dem Kastanienhof und das gebotene Ambiente aber \u00fcberraschten: Sektempfang, mit wei\u00dfem Tuch drapierte Speisetische, freundliche und hilfsbereite Damen und Herren, die zuvorkommend den G\u00e4sten halfen. Frau Dr. med. Maria Esser-Kuballa, Sponsorin des Grill&#8221;festes&#8221; in des Wortes wahrer Bedeutung, begr\u00fc\u00dfte herzlich ihre G\u00e4ste. Die alsbald einsetzende fr\u00f6hliche Stimmung war der Gastgeberin Dank f\u00fcr ihre Gro\u00dfz\u00fcgigkeit. Zur Steigerung der guten Laune trug dann noch Herr Nelles sen. mit bekannten, vom Gitarrenspiel untermalten Liedern bei. Fazit: ein sch\u00f6nes Beispiel praktizierter N\u00e4chstenliebe an einem sonnigen Nachmittag.<\/p>\n<p><a href=\"https:\/\/unser-quartier.de\/braunsfeld\/files\/2019\/11\/Grillfest-2.jpg\" data-wpel-link=\"internal\"><img loading=\"lazy\" decoding=\"async\" class=\"alignnone size-medium wp-image-7428\" src=\"https:\/\/unser-quartier.de\/braunsfeld\/files\/2019\/11\/Grillfest-2-300x200.jpg\" alt=\"\" width=\"300\" height=\"200\" srcset=\"https:\/\/unser-quartier.de\/braunsfeld\/files\/2019\/11\/Grillfest-2-300x200.jpg 300w, https:\/\/unser-quartier.de\/braunsfeld\/files\/2019\/11\/Grillfest-2-1024x683.jpg 1024w, https:\/\/unser-quartier.de\/braunsfeld\/files\/2019\/11\/Grillfest-2-150x100.jpg 150w, https:\/\/unser-quartier.de\/braunsfeld\/files\/2019\/11\/Grillfest-2-768x512.jpg 768w, https:\/\/unser-quartier.de\/braunsfeld\/files\/2019\/11\/Grillfest-2-600x400.jpg 600w, https:\/\/unser-quartier.de\/braunsfeld\/files\/2019\/11\/Grillfest-2-272x182.jpg 272w, https:\/\/unser-quartier.de\/braunsfeld\/files\/2019\/11\/Grillfest-2.jpg 1200w\" sizes=\"auto, (max-width: 300px) 100vw, 300px\" \/><\/a> <a href=\"https:\/\/unser-quartier.de\/braunsfeld\/files\/2019\/11\/Grillfest-1.jpg\" data-wpel-link=\"internal\"><img loading=\"lazy\" decoding=\"async\" class=\"alignnone size-medium wp-image-7427\" src=\"https:\/\/unser-quartier.de\/braunsfeld\/files\/2019\/11\/Grillfest-1-300x200.jpg\" alt=\"Grillfest1\" width=\"300\" height=\"200\" srcset=\"https:\/\/unser-quartier.de\/braunsfeld\/files\/2019\/11\/Grillfest-1-300x200.jpg 300w, https:\/\/unser-quartier.de\/braunsfeld\/files\/2019\/11\/Grillfest-1-1024x683.jpg 1024w, https:\/\/unser-quartier.de\/braunsfeld\/files\/2019\/11\/Grillfest-1-150x100.jpg 150w, https:\/\/unser-quartier.de\/braunsfeld\/files\/2019\/11\/Grillfest-1-768x512.jpg 768w, https:\/\/unser-quartier.de\/braunsfeld\/files\/2019\/11\/Grillfest-1-600x400.jpg 600w, https:\/\/unser-quartier.de\/braunsfeld\/files\/2019\/11\/Grillfest-1-272x182.jpg 272w, https:\/\/unser-quartier.de\/braunsfeld\/files\/2019\/11\/Grillfest-1.jpg 1200w\" sizes=\"auto, (max-width: 300px) 100vw, 300px\" \/><\/a><\/p>\n","protected":false},"excerpt":{"rendered":"<p>Grillfest par excellence Grillfest: wer kennt nicht die Bilder von fr\u00f6hlichen Menschen, die im Sonnenschein auf gr\u00fcner Wiese um einen Grill herumstehen, von Papptellern Grillgut speisen und Bier oder andere akzeptierte Getr\u00e4nke konsumieren. Diese Vorstellung mag auch zahlreiche der Senioren begleitet haben, die am 4. September 2019 einer Einladung von zu einem Grillfest auf den&hellip; <a class=\"continue\" href=\"https:\/\/unser-quartier.de\/braunsfeld\/2019\/11\/grillfest-im-kastanienhof\/\" data-wpel-link=\"internal\"> \u00bb weiterlesen: <span> Grillfest im Kastanienhof<\/span><\/a><\/p>\n","protected":false},"author":526,"featured_media":0,"comment_status":"closed","ping_status":"closed","sticky":false,"template":"","format":"standard","meta":{"generate_page_header":"","footnotes":""},"categories":[3],"tags":[],"class_list":["post-7430","post","type-post","status-publish","format-standard","hentry","category-freizeit"],"_links":{"self":[{"href":"https:\/\/unser-quartier.de\/braunsfeld\/wp-json\/wp\/v2\/posts\/7430","targetHints":{"allow":["GET"]}}],"collection":[{"href":"https:\/\/unser-quartier.de\/braunsfeld\/wp-json\/wp\/v2\/posts"}],"about":[{"href":"https:\/\/unser-quartier.de\/braunsfeld\/wp-json\/wp\/v2\/types\/post"}],"author":[{"embeddable":true,"href":"https:\/\/unser-quartier.de\/braunsfeld\/wp-json\/wp\/v2\/users\/526"}],"replies":[{"embeddable":true,"href":"https:\/\/unser-quartier.de\/braunsfeld\/wp-json\/wp\/v2\/comments?post=7430"}],"version-history":[{"count":0,"href":"https:\/\/unser-quartier.de\/braunsfeld\/wp-json\/wp\/v2\/posts\/7430\/revisions"}],"wp:attachment":[{"href":"https:\/\/unser-quartier.de\/braunsfeld\/wp-json\/wp\/v2\/media?parent=7430"}],"wp:term":[{"taxonomy":"category","embeddable":true,"href":"https:\/\/unser-quartier.de\/braunsfeld\/wp-json\/wp\/v2\/categories?post=7430"},{"taxonomy":"post_tag","embeddable":true,"href":"https:\/\/unser-quartier.de\/braunsfeld\/wp-json\/wp\/v2\/tags?post=7430"}],"curies":[{"name":"wp","href":"https:\/\/api.w.org\/{rel}","templated":true}]}}