{"id":1837,"date":"2019-01-26T19:16:51","date_gmt":"2019-01-26T18:16:51","guid":{"rendered":"https:\/\/unser-quartier.de\/efi-team-bergheim\/?p=1837"},"modified":"2019-01-26T19:17:25","modified_gmt":"2019-01-26T18:17:25","slug":"gesucht-mentorinnen-und-mentoren","status":"publish","type":"post","link":"https:\/\/unser-quartier.de\/efi-team-bergheim\/2019\/01\/gesucht-mentorinnen-und-mentoren\/","title":{"rendered":"Gesucht: Mentorinnen und Mentoren"},"content":{"rendered":"<p><span style=\"font-size: 18pt;\">**Mentor werden ist ein tolles Ehrenamt!**<\/span><\/p>\n<p><span style=\"font-size: 18pt;\">Unsere Vision: Jedes Kind und jeder Jugendliche mit Leseproblemen oder sprachlichen Defiziten soll von einem Lesementor gef\u00f6rdert werden. F\u00fcr MENTOR &#8211; Die Leselernhelfer sind bundesweit 11.000 Mentoren im Einsatz. Sie haben schon viel erreicht, aber der Bedarf steigt.<\/span><\/p>\n<p><span style=\"font-size: 18pt;\">Wollen Sie Kindern helfen?<\/span><\/p>\n<p><span style=\"font-size: 18pt;\">Dann machen Sie mit!<\/span><\/p>\n<p><span style=\"font-size: 18pt;\">F\u00fcr das Lesen begeistern&#8230;<\/span><\/p>\n<p><span style=\"font-size: 18pt;\">Lesementoren (weiblich\/m\u00e4nnlich) sollten die Zeit und Motivation aufbringen, Kinder mit viel Geduld und Humor f\u00fcr das Lesen zu begeistern. Wenn Sie gerne lesen und eine Stunde (Schulstunde) pro Woche mit einem Lesekind verbringen k\u00f6nnen, dann entscheiden Sie sich f\u00fcr ein Ehrenamt bei:<\/span><\/p>\n<p><span style=\"font-size: 18pt;\">Mentor &#8211; Die Leselernhelfer Bergheim im EFI-Team Bergheim e.V. Erfahrungswissen f\u00fcr Initiativen<\/span><\/p>\n<p><img loading=\"lazy\" decoding=\"async\" class=\"alignnone size-medium wp-image-1868\" src=\"https:\/\/unser-quartier.de\/efi-team-bergheim\/files\/2019\/01\/C4992BF3-BCFD-4EE5-B4C3-ED42FCBEF5C0-300x429.jpeg\" alt=\"\" width=\"300\" height=\"429\" srcset=\"https:\/\/unser-quartier.de\/efi-team-bergheim\/files\/2019\/01\/C4992BF3-BCFD-4EE5-B4C3-ED42FCBEF5C0-300x429.jpeg 300w, https:\/\/unser-quartier.de\/efi-team-bergheim\/files\/2019\/01\/C4992BF3-BCFD-4EE5-B4C3-ED42FCBEF5C0-150x215.jpeg 150w, https:\/\/unser-quartier.de\/efi-team-bergheim\/files\/2019\/01\/C4992BF3-BCFD-4EE5-B4C3-ED42FCBEF5C0-768x1098.jpeg 768w, https:\/\/unser-quartier.de\/efi-team-bergheim\/files\/2019\/01\/C4992BF3-BCFD-4EE5-B4C3-ED42FCBEF5C0-716x1024.jpeg 716w, https:\/\/unser-quartier.de\/efi-team-bergheim\/files\/2019\/01\/C4992BF3-BCFD-4EE5-B4C3-ED42FCBEF5C0.jpeg 839w\" sizes=\"auto, (max-width: 300px) 100vw, 300px\" \/><\/p>\n<p><span style=\"font-size: 18pt;\">Sie m\u00f6chten Mentor werden?<\/span><\/p>\n<p><span style=\"font-size: 18pt;\">Dann rufen Sie mich an oder senden Sie mir eine E-Mail. Werde mich dann kurzfristig bei Ihnen melden und mit Ihnen alles besprechen. Vor dem Einsatz an den Schulen, erfolgt eine Schulung f\u00fcr Sie&#8230;<\/span><\/p>\n<p><span style=\"font-size: 18pt;\">Hans-J\u00fcrgen Knabben<\/span><\/p>\n<p><img loading=\"lazy\" decoding=\"async\" class=\"alignnone size-medium wp-image-1863\" src=\"https:\/\/unser-quartier.de\/efi-team-bergheim\/files\/2019\/01\/290F34EC-BB5C-4FEC-AE2E-9635E84EE49B-300x270.jpeg\" alt=\"\" width=\"300\" height=\"270\" srcset=\"https:\/\/unser-quartier.de\/efi-team-bergheim\/files\/2019\/01\/290F34EC-BB5C-4FEC-AE2E-9635E84EE49B-300x270.jpeg 300w, https:\/\/unser-quartier.de\/efi-team-bergheim\/files\/2019\/01\/290F34EC-BB5C-4FEC-AE2E-9635E84EE49B-150x135.jpeg 150w, https:\/\/unser-quartier.de\/efi-team-bergheim\/files\/2019\/01\/290F34EC-BB5C-4FEC-AE2E-9635E84EE49B.jpeg 305w\" sizes=\"auto, (max-width: 300px) 100vw, 300px\" \/><\/p>\n<p><span style=\"font-size: 18pt;\">Telefon: 0171 33 57 218<\/span><\/p>\n<p><span style=\"font-size: 18pt;\">Mail an:\u00a0mentorleselernhelferbergheim@gmx.de<\/span><\/p>\n<p><span style=\"font-size: 18pt;\">Als 1. Vorsitzender vom EFI-Team Bergheim e.V. und als Projektleiter im Mentorprojekt, organisiere ich die Zusammenarbeit mit den Schulen, k\u00fcmmere mich um die Einf\u00fchrung und Weiterbildung der Lesementoren und biete Begleitung und Austausch im Rahmen des Ehrenamts an.<\/span><\/p>\n<p><span style=\"font-size: 18pt;\">Die ersten 20 Mentoren sind geschult! Sieben Schulen sind dabei! 20 Lesekinder freuen sich! Weitere Kinder warten auf Sie!<\/span><\/p>\n<p><img loading=\"lazy\" decoding=\"async\" class=\"alignnone size-medium wp-image-1882\" src=\"https:\/\/unser-quartier.de\/efi-team-bergheim\/files\/2019\/01\/EE31C5A1-2409-45A3-BE7E-BF6DEC2F3A35-300x169.jpeg\" alt=\"\" width=\"300\" height=\"169\" srcset=\"https:\/\/unser-quartier.de\/efi-team-bergheim\/files\/2019\/01\/EE31C5A1-2409-45A3-BE7E-BF6DEC2F3A35-300x169.jpeg 300w, https:\/\/unser-quartier.de\/efi-team-bergheim\/files\/2019\/01\/EE31C5A1-2409-45A3-BE7E-BF6DEC2F3A35-150x85.jpeg 150w, https:\/\/unser-quartier.de\/efi-team-bergheim\/files\/2019\/01\/EE31C5A1-2409-45A3-BE7E-BF6DEC2F3A35-768x433.jpeg 768w, https:\/\/unser-quartier.de\/efi-team-bergheim\/files\/2019\/01\/EE31C5A1-2409-45A3-BE7E-BF6DEC2F3A35-1024x577.jpeg 1024w, https:\/\/unser-quartier.de\/efi-team-bergheim\/files\/2019\/01\/EE31C5A1-2409-45A3-BE7E-BF6DEC2F3A35.jpeg 1200w\" sizes=\"auto, (max-width: 300px) 100vw, 300px\" \/> <img loading=\"lazy\" decoding=\"async\" class=\"alignnone size-medium wp-image-1885\" src=\"https:\/\/unser-quartier.de\/efi-team-bergheim\/files\/2019\/01\/D7BC94AA-54B2-4385-A4D8-9A7F64BB3722-300x262.jpeg\" alt=\"\" width=\"300\" height=\"262\" srcset=\"https:\/\/unser-quartier.de\/efi-team-bergheim\/files\/2019\/01\/D7BC94AA-54B2-4385-A4D8-9A7F64BB3722-300x262.jpeg 300w, https:\/\/unser-quartier.de\/efi-team-bergheim\/files\/2019\/01\/D7BC94AA-54B2-4385-A4D8-9A7F64BB3722-150x131.jpeg 150w, https:\/\/unser-quartier.de\/efi-team-bergheim\/files\/2019\/01\/D7BC94AA-54B2-4385-A4D8-9A7F64BB3722-768x671.jpeg 768w, https:\/\/unser-quartier.de\/efi-team-bergheim\/files\/2019\/01\/D7BC94AA-54B2-4385-A4D8-9A7F64BB3722-1024x895.jpeg 1024w, https:\/\/unser-quartier.de\/efi-team-bergheim\/files\/2019\/01\/D7BC94AA-54B2-4385-A4D8-9A7F64BB3722.jpeg 1200w\" sizes=\"auto, (max-width: 300px) 100vw, 300px\" \/><\/p>\n<p><span style=\"font-size: 18pt;\">Die n\u00e4chste Schulung findet Mitte M\u00e4rz statt!<\/span><\/p>\n<p><span style=\"font-size: 18pt;\">Hier ein kleiner \u00dcberblick:<\/span><\/p>\n<div id='gallery-1' class='gallery galleryid-1837 gallery-columns-3 gallery-size-thumbnail'><figure class='gallery-item'>\n\t\t\t<div class='gallery-icon portrait'>\n\t\t\t\t<a href=\"https:\/\/unser-quartier.de\/efi-team-bergheim\/2019\/01\/gesucht-mentorinnen-und-mentoren\/d75f1068-9299-423f-9c7b-14a6ac1afa06\/#main\" data-wpel-link=\"internal\"><img loading=\"lazy\" decoding=\"async\" width=\"150\" height=\"193\" src=\"https:\/\/unser-quartier.de\/efi-team-bergheim\/files\/2019\/01\/D75F1068-9299-423F-9C7B-14A6AC1AFA06-150x193.jpeg\" class=\"attachment-thumbnail size-thumbnail\" alt=\"\" srcset=\"https:\/\/unser-quartier.de\/efi-team-bergheim\/files\/2019\/01\/D75F1068-9299-423F-9C7B-14A6AC1AFA06-150x193.jpeg 150w, https:\/\/unser-quartier.de\/efi-team-bergheim\/files\/2019\/01\/D75F1068-9299-423F-9C7B-14A6AC1AFA06-300x385.jpeg 300w, https:\/\/unser-quartier.de\/efi-team-bergheim\/files\/2019\/01\/D75F1068-9299-423F-9C7B-14A6AC1AFA06-768x986.jpeg 768w, https:\/\/unser-quartier.de\/efi-team-bergheim\/files\/2019\/01\/D75F1068-9299-423F-9C7B-14A6AC1AFA06-798x1024.jpeg 798w, https:\/\/unser-quartier.de\/efi-team-bergheim\/files\/2019\/01\/D75F1068-9299-423F-9C7B-14A6AC1AFA06.jpeg 935w\" sizes=\"auto, (max-width: 150px) 100vw, 150px\" \/><\/a>\n\t\t\t<\/div><\/figure><figure class='gallery-item'>\n\t\t\t<div class='gallery-icon landscape'>\n\t\t\t\t<a href=\"https:\/\/unser-quartier.de\/efi-team-bergheim\/2019\/01\/gesucht-mentorinnen-und-mentoren\/290f34ec-bb5c-4fec-ae2e-9635e84ee49b\/#main\" data-wpel-link=\"internal\"><img loading=\"lazy\" decoding=\"async\" width=\"150\" height=\"135\" src=\"https:\/\/unser-quartier.de\/efi-team-bergheim\/files\/2019\/01\/290F34EC-BB5C-4FEC-AE2E-9635E84EE49B-150x135.jpeg\" class=\"attachment-thumbnail size-thumbnail\" alt=\"\" srcset=\"https:\/\/unser-quartier.de\/efi-team-bergheim\/files\/2019\/01\/290F34EC-BB5C-4FEC-AE2E-9635E84EE49B-150x135.jpeg 150w, https:\/\/unser-quartier.de\/efi-team-bergheim\/files\/2019\/01\/290F34EC-BB5C-4FEC-AE2E-9635E84EE49B-300x270.jpeg 300w, https:\/\/unser-quartier.de\/efi-team-bergheim\/files\/2019\/01\/290F34EC-BB5C-4FEC-AE2E-9635E84EE49B.jpeg 305w\" sizes=\"auto, (max-width: 150px) 100vw, 150px\" \/><\/a>\n\t\t\t<\/div><\/figure><figure class='gallery-item'>\n\t\t\t<div class='gallery-icon landscape'>\n\t\t\t\t<a href=\"https:\/\/unser-quartier.de\/efi-team-bergheim\/2019\/01\/gesucht-mentorinnen-und-mentoren\/c80a44a1-f1c1-42fe-8ce2-dceedff226cb\/#main\" data-wpel-link=\"internal\"><img loading=\"lazy\" decoding=\"async\" width=\"150\" height=\"150\" src=\"https:\/\/unser-quartier.de\/efi-team-bergheim\/files\/2019\/01\/C80A44A1-F1C1-42FE-8CE2-DCEEDFF226CB-150x150.jpeg\" class=\"attachment-thumbnail size-thumbnail\" alt=\"\" srcset=\"https:\/\/unser-quartier.de\/efi-team-bergheim\/files\/2019\/01\/C80A44A1-F1C1-42FE-8CE2-DCEEDFF226CB-150x150.jpeg 150w, https:\/\/unser-quartier.de\/efi-team-bergheim\/files\/2019\/01\/C80A44A1-F1C1-42FE-8CE2-DCEEDFF226CB-300x300.jpeg 300w, https:\/\/unser-quartier.de\/efi-team-bergheim\/files\/2019\/01\/C80A44A1-F1C1-42FE-8CE2-DCEEDFF226CB.jpeg 750w\" sizes=\"auto, (max-width: 150px) 100vw, 150px\" \/><\/a>\n\t\t\t<\/div><\/figure><figure class='gallery-item'>\n\t\t\t<div class='gallery-icon portrait'>\n\t\t\t\t<a href=\"https:\/\/unser-quartier.de\/efi-team-bergheim\/2019\/01\/gesucht-mentorinnen-und-mentoren\/c4992bf3-bcfd-4ee5-b4c3-ed42fcbef5c0\/#main\" data-wpel-link=\"internal\"><img loading=\"lazy\" decoding=\"async\" width=\"150\" height=\"215\" src=\"https:\/\/unser-quartier.de\/efi-team-bergheim\/files\/2019\/01\/C4992BF3-BCFD-4EE5-B4C3-ED42FCBEF5C0-150x215.jpeg\" class=\"attachment-thumbnail size-thumbnail\" alt=\"\" srcset=\"https:\/\/unser-quartier.de\/efi-team-bergheim\/files\/2019\/01\/C4992BF3-BCFD-4EE5-B4C3-ED42FCBEF5C0-150x215.jpeg 150w, https:\/\/unser-quartier.de\/efi-team-bergheim\/files\/2019\/01\/C4992BF3-BCFD-4EE5-B4C3-ED42FCBEF5C0-300x429.jpeg 300w, https:\/\/unser-quartier.de\/efi-team-bergheim\/files\/2019\/01\/C4992BF3-BCFD-4EE5-B4C3-ED42FCBEF5C0-768x1098.jpeg 768w, https:\/\/unser-quartier.de\/efi-team-bergheim\/files\/2019\/01\/C4992BF3-BCFD-4EE5-B4C3-ED42FCBEF5C0-716x1024.jpeg 716w, https:\/\/unser-quartier.de\/efi-team-bergheim\/files\/2019\/01\/C4992BF3-BCFD-4EE5-B4C3-ED42FCBEF5C0.jpeg 839w\" sizes=\"auto, (max-width: 150px) 100vw, 150px\" \/><\/a>\n\t\t\t<\/div><\/figure><figure class='gallery-item'>\n\t\t\t<div class='gallery-icon landscape'>\n\t\t\t\t<a href=\"https:\/\/unser-quartier.de\/efi-team-bergheim\/2019\/01\/gesucht-mentorinnen-und-mentoren\/44ed02df-9e54-4398-bc1c-1f96369c14ec\/#main\" data-wpel-link=\"internal\"><img loading=\"lazy\" decoding=\"async\" width=\"150\" height=\"99\" src=\"https:\/\/unser-quartier.de\/efi-team-bergheim\/files\/2019\/01\/44ED02DF-9E54-4398-BC1C-1F96369C14EC-150x99.jpeg\" class=\"attachment-thumbnail size-thumbnail\" alt=\"\" srcset=\"https:\/\/unser-quartier.de\/efi-team-bergheim\/files\/2019\/01\/44ED02DF-9E54-4398-BC1C-1F96369C14EC-150x99.jpeg 150w, https:\/\/unser-quartier.de\/efi-team-bergheim\/files\/2019\/01\/44ED02DF-9E54-4398-BC1C-1F96369C14EC-300x198.jpeg 300w, https:\/\/unser-quartier.de\/efi-team-bergheim\/files\/2019\/01\/44ED02DF-9E54-4398-BC1C-1F96369C14EC-272x182.jpeg 272w, https:\/\/unser-quartier.de\/efi-team-bergheim\/files\/2019\/01\/44ED02DF-9E54-4398-BC1C-1F96369C14EC.jpeg 530w\" sizes=\"auto, (max-width: 150px) 100vw, 150px\" \/><\/a>\n\t\t\t<\/div><\/figure><figure class='gallery-item'>\n\t\t\t<div class='gallery-icon landscape'>\n\t\t\t\t<a href=\"https:\/\/unser-quartier.de\/efi-team-bergheim\/2019\/01\/gesucht-mentorinnen-und-mentoren\/b9a75ad2-ce30-424c-b6b9-4edac19080da\/#main\" data-wpel-link=\"internal\"><img loading=\"lazy\" decoding=\"async\" width=\"150\" height=\"150\" src=\"https:\/\/unser-quartier.de\/efi-team-bergheim\/files\/2019\/01\/B9A75AD2-CE30-424C-B6B9-4EDAC19080DA-150x150.jpeg\" class=\"attachment-thumbnail size-thumbnail\" alt=\"\" srcset=\"https:\/\/unser-quartier.de\/efi-team-bergheim\/files\/2019\/01\/B9A75AD2-CE30-424C-B6B9-4EDAC19080DA-150x150.jpeg 150w, https:\/\/unser-quartier.de\/efi-team-bergheim\/files\/2019\/01\/B9A75AD2-CE30-424C-B6B9-4EDAC19080DA-300x299.jpeg 300w, https:\/\/unser-quartier.de\/efi-team-bergheim\/files\/2019\/01\/B9A75AD2-CE30-424C-B6B9-4EDAC19080DA.jpeg 644w\" sizes=\"auto, (max-width: 150px) 100vw, 150px\" \/><\/a>\n\t\t\t<\/div><\/figure>\n\t\t<\/div>\n\n<p>&nbsp;<\/p>\n<p>&nbsp;<\/p>\n<p>&nbsp;<\/p>\n<p>&nbsp;<\/p>\n","protected":false},"excerpt":{"rendered":"<p>**Mentor werden ist ein tolles Ehrenamt!** Unsere Vision: Jedes Kind und jeder Jugendliche mit Leseproblemen oder sprachlichen Defiziten soll von einem Lesementor gef\u00f6rdert werden. F\u00fcr MENTOR &#8211; Die Leselernhelfer sind bundesweit 11.000 Mentoren im Einsatz. Sie haben schon viel erreicht, aber der Bedarf steigt. Wollen Sie Kindern helfen? Dann machen Sie mit! F\u00fcr das Lesen&hellip; <a class=\"continue\" href=\"https:\/\/unser-quartier.de\/efi-team-bergheim\/2019\/01\/gesucht-mentorinnen-und-mentoren\/\" data-wpel-link=\"internal\"> \u00bb weiterlesen: <span> Gesucht: Mentorinnen und Mentoren<\/span><\/a><\/p>\n","protected":false},"author":48,"featured_media":1872,"comment_status":"closed","ping_status":"closed","sticky":false,"template":"","format":"standard","meta":{"generate_page_header":"","footnotes":""},"categories":[54],"tags":[],"class_list":["post-1837","post","type-post","status-publish","format-standard","has-post-thumbnail","hentry","category-efi-team-allgemein","infinite-scroll-item"],"_links":{"self":[{"href":"https:\/\/unser-quartier.de\/efi-team-bergheim\/wp-json\/wp\/v2\/posts\/1837","targetHints":{"allow":["GET"]}}],"collection":[{"href":"https:\/\/unser-quartier.de\/efi-team-bergheim\/wp-json\/wp\/v2\/posts"}],"about":[{"href":"https:\/\/unser-quartier.de\/efi-team-bergheim\/wp-json\/wp\/v2\/types\/post"}],"author":[{"embeddable":true,"href":"https:\/\/unser-quartier.de\/efi-team-bergheim\/wp-json\/wp\/v2\/users\/48"}],"replies":[{"embeddable":true,"href":"https:\/\/unser-quartier.de\/efi-team-bergheim\/wp-json\/wp\/v2\/comments?post=1837"}],"version-history":[{"count":0,"href":"https:\/\/unser-quartier.de\/efi-team-bergheim\/wp-json\/wp\/v2\/posts\/1837\/revisions"}],"wp:featuredmedia":[{"embeddable":true,"href":"https:\/\/unser-quartier.de\/efi-team-bergheim\/wp-json\/wp\/v2\/media\/1872"}],"wp:attachment":[{"href":"https:\/\/unser-quartier.de\/efi-team-bergheim\/wp-json\/wp\/v2\/media?parent=1837"}],"wp:term":[{"taxonomy":"category","embeddable":true,"href":"https:\/\/unser-quartier.de\/efi-team-bergheim\/wp-json\/wp\/v2\/categories?post=1837"},{"taxonomy":"post_tag","embeddable":true,"href":"https:\/\/unser-quartier.de\/efi-team-bergheim\/wp-json\/wp\/v2\/tags?post=1837"}],"curies":[{"name":"wp","href":"https:\/\/api.w.org\/{rel}","templated":true}]}}