{"id":1958,"date":"2019-04-06T22:47:06","date_gmt":"2019-04-06T20:47:06","guid":{"rendered":"https:\/\/unser-quartier.de\/efi-team-bergheim\/?p=1958"},"modified":"2019-04-06T22:47:06","modified_gmt":"2019-04-06T20:47:06","slug":"wir-fuer-die-region-rhein-erft-wie-sind-dabei","status":"publish","type":"post","link":"https:\/\/unser-quartier.de\/efi-team-bergheim\/2019\/04\/wir-fuer-die-region-rhein-erft-wie-sind-dabei\/","title":{"rendered":"Wir f\u00fcr die Region Rhein-Erft, Wie sind dabei"},"content":{"rendered":"<p><img loading=\"lazy\" decoding=\"async\" class=\"alignnone size-medium wp-image-1961\" src=\"https:\/\/unser-quartier.de\/efi-team-bergheim\/files\/2019\/04\/2019_banner_300x250_ksk-1-300x250.jpg\" alt=\"\" width=\"300\" height=\"250\" srcset=\"https:\/\/unser-quartier.de\/efi-team-bergheim\/files\/2019\/04\/2019_banner_300x250_ksk-1.jpg 300w, https:\/\/unser-quartier.de\/efi-team-bergheim\/files\/2019\/04\/2019_banner_300x250_ksk-1-150x125.jpg 150w\" sizes=\"auto, (max-width: 300px) 100vw, 300px\" \/><\/p>\n<p><strong>Die hei\u00dfe Phase der Aktion \u201eWir f\u00fcr die Region Rhein-Erft\u201c beginnt.<\/strong> <br \/>\nAb dem <strong>08.04.2019 , 9:00 Uhr<\/strong>, kann jeder Internetnutzer f\u00fcr unser &#8220;Projekt&#8221; abstimmen.<\/p>\n<p>Unsere Projektbeschreibung erscheint auch am 01.05.2019 in einer Anzeigen-Sonderver\u00f6ffentlichung in den Lokalausgaben vom K\u00f6lner Stadt-Anzeiger und der Rhein-Erft Rundschau.<\/p>\n<p><strong>\u201eWir f\u00fcr die Region Rhein-Erft\u201c\u00a0<\/strong><strong> \u2013 Wir brauchen Ihre\/Eure Hilfe! <\/strong><\/p>\n<p>Liebe Vereinsmitglieder, liebe Seniorenportalleser*Innen, liebe Mentor*innen,<br \/>\nliebe Bergheimerinnen und Bergheimer, wir brauchen Ihre\/Eure Hilfe.<\/p>\n<p>Wir haben die gro\u00dfe Chance, eine Finanzspritze von bis zu 3.000,00 Euro zu erhalten. Mit unserer Bewerbung um eine Spende beim <strong>Vereinswettbewerb \u201eWir f\u00fcr die Region Rhein-Erft\u201c der Kreissparkasse K\u00f6ln<\/strong> haben wir daf\u00fcr alle Vorbereitungen getroffen.<\/p>\n<p>Das Geld wollen wir f\u00fcr unsere Projekte Seniorenportal Bergheim, seniorTrainer-Ausbildung 2018\/2019, <br \/>\nMentor \u2013 Die Leselernhelfer Bergheim im EFI-Team Bergheim e.V. und nat\u00fcrlich f\u00fcr weitere Projekte, die vom EFI-Team Bergheim e.V. unterst\u00fctzt werden einsetzen und k\u00f6nnen es somit gut gebrauchen.<\/p>\n<p>\u00dcber die Verteilung der Spenden entscheiden alle Internetnutzer und eine offizielle Fachjury. Das hei\u00dft, Sie k\u00f6nnen\/Ihr k\u00f6nnt mit abstimmen und uns helfen, zu den gl\u00fccklichen Spendenempf\u00e4ngern zu geh\u00f6ren. Um Ihre\/Eure Stimme abzugeben, m\u00fcssen Sie\/m\u00fcsst Ihr die Seite <strong><a href=\"http:\/\/www.wir-fuer-rheinerft.de\/\" data-wpel-link=\"external\" target=\"_self\" rel=\"nofollow external noopener noreferrer\" title=\"Externer Link: \" class=\"ext-link wpel-icon-right\">http:\/\/www.wir-fuer-rheinerft.de<span class=\"wpel-icon wpel-image wpel-icon-6\"><\/span><\/a><\/strong> ausw\u00e4hlen.<\/p>\n<p>Ihr ben\u00f6tigt\/Sie ben\u00f6tigen zur Abstimmung ein Mobiltelefon, das inl\u00e4ndische SMS empfangen kann. Jeder hat 1 Stimme. Wenn wir hier die meisten Stimmen bekommen, erhalten wir eine Spende von bis zu 3.000,00 Euro. Die Bewertung durch die Fachjury l\u00e4uft separat und ist ebenfalls mit drei Sonderspenden von je 1.000,00 Euro ausgeschrieben. <strong>Das ist alles!<\/strong><\/p>\n<p>Zu beachten ist, dass die Stimmabgabe nur bis zum 17.05.2019 um 12:00 Uhr m\u00f6glich ist.<br \/>\nBelohnen Sie\/Belohnt uns mit Ihrer\/Eurer Stimme.<\/p>\n<p>Wir w\u00fcrden uns sehr dar\u00fcber freuen.<\/p>\n<p>Herzliche Gr\u00fc\u00dfe<\/p>\n<p>EFI-Team Bergheim e.V.<\/p>\n<p>Hans-J\u00fcrgen Knabben<\/p>\n<ol>\n<li>Vorsitzender<\/li>\n<\/ol>\n<p><img loading=\"lazy\" decoding=\"async\" class=\"alignnone size-medium wp-image-1865\" src=\"https:\/\/unser-quartier.de\/efi-team-bergheim\/files\/2019\/01\/C80A44A1-F1C1-42FE-8CE2-DCEEDFF226CB-300x300.jpeg\" alt=\"\" width=\"300\" height=\"300\" srcset=\"https:\/\/unser-quartier.de\/efi-team-bergheim\/files\/2019\/01\/C80A44A1-F1C1-42FE-8CE2-DCEEDFF226CB-300x300.jpeg 300w, https:\/\/unser-quartier.de\/efi-team-bergheim\/files\/2019\/01\/C80A44A1-F1C1-42FE-8CE2-DCEEDFF226CB-150x150.jpeg 150w, https:\/\/unser-quartier.de\/efi-team-bergheim\/files\/2019\/01\/C80A44A1-F1C1-42FE-8CE2-DCEEDFF226CB.jpeg 750w\" sizes=\"auto, (max-width: 300px) 100vw, 300px\" \/><\/p>\n","protected":false},"excerpt":{"rendered":"<p>Die hei\u00dfe Phase der Aktion \u201eWir f\u00fcr die Region Rhein-Erft\u201c beginnt. Ab dem 08.04.2019 , 9:00 Uhr, kann jeder Internetnutzer f\u00fcr unser &#8220;Projekt&#8221; abstimmen. Unsere Projektbeschreibung erscheint auch am 01.05.2019 in einer Anzeigen-Sonderver\u00f6ffentlichung in den Lokalausgaben vom K\u00f6lner Stadt-Anzeiger und der Rhein-Erft Rundschau. \u201eWir f\u00fcr die Region Rhein-Erft\u201c\u00a0 \u2013 Wir brauchen Ihre\/Eure Hilfe! Liebe Vereinsmitglieder,&hellip; <a class=\"continue\" href=\"https:\/\/unser-quartier.de\/efi-team-bergheim\/2019\/04\/wir-fuer-die-region-rhein-erft-wie-sind-dabei\/\" data-wpel-link=\"internal\"> \u00bb weiterlesen: <span> Wir f\u00fcr die Region Rhein-Erft, Wie sind dabei<\/span><\/a><\/p>\n","protected":false},"author":48,"featured_media":1962,"comment_status":"closed","ping_status":"closed","sticky":false,"template":"","format":"standard","meta":{"generate_page_header":"","footnotes":""},"categories":[1],"tags":[],"class_list":["post-1958","post","type-post","status-publish","format-standard","has-post-thumbnail","hentry","category-dies-und-das","infinite-scroll-item"],"_links":{"self":[{"href":"https:\/\/unser-quartier.de\/efi-team-bergheim\/wp-json\/wp\/v2\/posts\/1958","targetHints":{"allow":["GET"]}}],"collection":[{"href":"https:\/\/unser-quartier.de\/efi-team-bergheim\/wp-json\/wp\/v2\/posts"}],"about":[{"href":"https:\/\/unser-quartier.de\/efi-team-bergheim\/wp-json\/wp\/v2\/types\/post"}],"author":[{"embeddable":true,"href":"https:\/\/unser-quartier.de\/efi-team-bergheim\/wp-json\/wp\/v2\/users\/48"}],"replies":[{"embeddable":true,"href":"https:\/\/unser-quartier.de\/efi-team-bergheim\/wp-json\/wp\/v2\/comments?post=1958"}],"version-history":[{"count":0,"href":"https:\/\/unser-quartier.de\/efi-team-bergheim\/wp-json\/wp\/v2\/posts\/1958\/revisions"}],"wp:featuredmedia":[{"embeddable":true,"href":"https:\/\/unser-quartier.de\/efi-team-bergheim\/wp-json\/wp\/v2\/media\/1962"}],"wp:attachment":[{"href":"https:\/\/unser-quartier.de\/efi-team-bergheim\/wp-json\/wp\/v2\/media?parent=1958"}],"wp:term":[{"taxonomy":"category","embeddable":true,"href":"https:\/\/unser-quartier.de\/efi-team-bergheim\/wp-json\/wp\/v2\/categories?post=1958"},{"taxonomy":"post_tag","embeddable":true,"href":"https:\/\/unser-quartier.de\/efi-team-bergheim\/wp-json\/wp\/v2\/tags?post=1958"}],"curies":[{"name":"wp","href":"https:\/\/api.w.org\/{rel}","templated":true}]}}