{"id":1966,"date":"2019-04-07T21:07:46","date_gmt":"2019-04-07T19:07:46","guid":{"rendered":"https:\/\/unser-quartier.de\/efi-team-bergheim\/?p=1966"},"modified":"2019-04-07T21:07:46","modified_gmt":"2019-04-07T19:07:46","slug":"bm-tv-informiert","status":"publish","type":"post","link":"https:\/\/unser-quartier.de\/efi-team-bergheim\/2019\/04\/bm-tv-informiert\/","title":{"rendered":"BM TV informiert &#8230;"},"content":{"rendered":"<p><img loading=\"lazy\" decoding=\"async\" class=\"alignnone size-medium wp-image-1969\" src=\"https:\/\/unser-quartier.de\/efi-team-bergheim\/files\/2019\/04\/A09FDBAB-DF07-4FB0-BC18-90E039DD1090-300x303.jpeg\" alt=\"\" width=\"300\" height=\"303\" srcset=\"https:\/\/unser-quartier.de\/efi-team-bergheim\/files\/2019\/04\/A09FDBAB-DF07-4FB0-BC18-90E039DD1090-300x303.jpeg 300w, https:\/\/unser-quartier.de\/efi-team-bergheim\/files\/2019\/04\/A09FDBAB-DF07-4FB0-BC18-90E039DD1090-150x151.jpeg 150w, https:\/\/unser-quartier.de\/efi-team-bergheim\/files\/2019\/04\/A09FDBAB-DF07-4FB0-BC18-90E039DD1090-768x774.jpeg 768w, https:\/\/unser-quartier.de\/efi-team-bergheim\/files\/2019\/04\/A09FDBAB-DF07-4FB0-BC18-90E039DD1090-1015x1024.jpeg 1015w, https:\/\/unser-quartier.de\/efi-team-bergheim\/files\/2019\/04\/A09FDBAB-DF07-4FB0-BC18-90E039DD1090.jpeg 1190w\" sizes=\"auto, (max-width: 300px) 100vw, 300px\" \/><\/p>\n<p><span style=\"font-size: 18pt; font-family: arial, helvetica, sans-serif;\">Zwei WAHL.ABOs <\/span><span style=\"font-size: 18pt; font-family: arial, helvetica, sans-serif;\">f\u00fcr Hans-J\u00fcrgen Knabben &#8230;<br \/>\nIm Rahmen unserer Aktion der Weitergabe von Eintrittskarten an Ehrenamtler haben wir heute Hans-J\u00fcrgen Knabben vor dem MEDIO getroffen und ihm zwei WAHL.ABOs f\u00fcrs MEDIO \u00fcberreicht. Er war hier bei facebook und auch per E-Mail mehrfach als w\u00fcrdiger Empf\u00e4nger einer Anerkennung genannt worden &#8211; und das ist auch kein Wunder, schlie\u00dflich ist er gleich in mehreren Bereichen aktiv, so u.a. als Entwickler und Koordinator des &#8220;Seniorenportals Bergheim&#8221; (www.unser-quartier.de\/stadt-bergheim), als Vorsitzender des EFI-Teams Bergheim e.V. und Projektleiter der MENTOR-Leselernhelfer Bergheim im EFI-Team Bergheim e.V. (www.mentor-bergheim.de) und noch in weiteren Funktionen. <\/span><\/p>\n<p style=\"text-align: left;\"><span style=\"font-size: 18pt; font-family: arial, helvetica, sans-serif;\">Vielen Dank f\u00fcr dieses herausragende Engagement!<br \/>\n<\/span><\/p>\n<p><span style=\"font-size: 18pt; font-family: arial, helvetica, sans-serif;\">Dank an alle B\u00fcrgerinnen und B\u00fcrger die mich vorgeschlagen haben!<\/span><\/p>\n<p><span style=\"font-size: 18pt; font-family: arial, helvetica, sans-serif;\">Dank auch an das EFI-Team, Dank an die Vorstandskollegen Heidi Wolter und Heribert K\u00fcppers!<\/span><\/p>\n<p><span style=\"font-size: 18pt; font-family: arial, helvetica, sans-serif;\">Dank an das Seniorenportal Bergheim Team und an alle Redakteur*Innen die f\u00fcr das Portal schreiben. Dank auch an alle Nutzer!<\/span><\/p>\n<p><span style=\"font-size: 18pt; font-family: arial, helvetica, sans-serif;\">Dank auch an alle Mentorinnen und Mentoren die im Projekt &#8220;Mentor &#8211; Die Leselernhelfer Bergheim&#8221; mitmachen!<\/span><\/p>\n<p><span style=\"font-size: 18pt; font-family: arial, helvetica, sans-serif;\">Dank auch an die Grundschulen, Rektor*innen, Lehrer*Innen, die am Mentorprojekt in Bergheim mitmachen&#8230;<\/span><\/p>\n<p><span style=\"font-size: 18pt; font-family: arial, helvetica, sans-serif;\">Ohne Sie\/Euch h\u00e4tte man mich nicht ausgew\u00e4hlt! Danke<\/span><\/p>\n<p><span style=\"font-size: 18pt; font-family: arial, helvetica, sans-serif;\">Hans-J\u00fcrgen Knabben<\/span><\/p>\n<div id='gallery-1' class='gallery galleryid-1966 gallery-columns-3 gallery-size-thumbnail'><figure class='gallery-item'>\n\t\t\t<div class='gallery-icon portrait'>\n\t\t\t\t<a href=\"https:\/\/unser-quartier.de\/efi-team-bergheim\/2019\/04\/bm-tv-informiert\/0c52a0e2-dee2-4e61-98a1-2fea5e3f691f\/#main\" data-wpel-link=\"internal\"><img loading=\"lazy\" decoding=\"async\" width=\"150\" height=\"209\" src=\"https:\/\/unser-quartier.de\/efi-team-bergheim\/files\/2019\/04\/0C52A0E2-DEE2-4E61-98A1-2FEA5E3F691F-150x209.jpeg\" class=\"attachment-thumbnail size-thumbnail\" alt=\"\" srcset=\"https:\/\/unser-quartier.de\/efi-team-bergheim\/files\/2019\/04\/0C52A0E2-DEE2-4E61-98A1-2FEA5E3F691F-150x209.jpeg 150w, https:\/\/unser-quartier.de\/efi-team-bergheim\/files\/2019\/04\/0C52A0E2-DEE2-4E61-98A1-2FEA5E3F691F-300x419.jpeg 300w, https:\/\/unser-quartier.de\/efi-team-bergheim\/files\/2019\/04\/0C52A0E2-DEE2-4E61-98A1-2FEA5E3F691F-768x1072.jpeg 768w, https:\/\/unser-quartier.de\/efi-team-bergheim\/files\/2019\/04\/0C52A0E2-DEE2-4E61-98A1-2FEA5E3F691F-734x1024.jpeg 734w, https:\/\/unser-quartier.de\/efi-team-bergheim\/files\/2019\/04\/0C52A0E2-DEE2-4E61-98A1-2FEA5E3F691F.jpeg 860w\" sizes=\"auto, (max-width: 150px) 100vw, 150px\" \/><\/a>\n\t\t\t<\/div><\/figure><figure class='gallery-item'>\n\t\t\t<div class='gallery-icon portrait'>\n\t\t\t\t<a href=\"https:\/\/unser-quartier.de\/efi-team-bergheim\/2019\/04\/bm-tv-informiert\/0c088c0f-5bba-49e3-9145-f68d7f426671\/#main\" data-wpel-link=\"internal\"><img loading=\"lazy\" decoding=\"async\" width=\"150\" height=\"215\" src=\"https:\/\/unser-quartier.de\/efi-team-bergheim\/files\/2019\/04\/0C088C0F-5BBA-49E3-9145-F68D7F426671-150x215.jpeg\" class=\"attachment-thumbnail size-thumbnail\" alt=\"\" srcset=\"https:\/\/unser-quartier.de\/efi-team-bergheim\/files\/2019\/04\/0C088C0F-5BBA-49E3-9145-F68D7F426671-150x215.jpeg 150w, https:\/\/unser-quartier.de\/efi-team-bergheim\/files\/2019\/04\/0C088C0F-5BBA-49E3-9145-F68D7F426671-300x430.jpeg 300w, https:\/\/unser-quartier.de\/efi-team-bergheim\/files\/2019\/04\/0C088C0F-5BBA-49E3-9145-F68D7F426671-768x1101.jpeg 768w, https:\/\/unser-quartier.de\/efi-team-bergheim\/files\/2019\/04\/0C088C0F-5BBA-49E3-9145-F68D7F426671-714x1024.jpeg 714w, https:\/\/unser-quartier.de\/efi-team-bergheim\/files\/2019\/04\/0C088C0F-5BBA-49E3-9145-F68D7F426671.jpeg 837w\" sizes=\"auto, (max-width: 150px) 100vw, 150px\" \/><\/a>\n\t\t\t<\/div><\/figure><figure class='gallery-item'>\n\t\t\t<div class='gallery-icon landscape'>\n\t\t\t\t<a href=\"https:\/\/unser-quartier.de\/efi-team-bergheim\/2019\/04\/bm-tv-informiert\/6211ccfe-0206-4770-b9e0-c6822f30d988\/#main\" data-wpel-link=\"internal\"><img loading=\"lazy\" decoding=\"async\" width=\"150\" height=\"149\" src=\"https:\/\/unser-quartier.de\/efi-team-bergheim\/files\/2019\/04\/6211CCFE-0206-4770-B9E0-C6822F30D988-150x149.jpeg\" class=\"attachment-thumbnail size-thumbnail\" alt=\"\" srcset=\"https:\/\/unser-quartier.de\/efi-team-bergheim\/files\/2019\/04\/6211CCFE-0206-4770-B9E0-C6822F30D988-150x149.jpeg 150w, https:\/\/unser-quartier.de\/efi-team-bergheim\/files\/2019\/04\/6211CCFE-0206-4770-B9E0-C6822F30D988-300x299.jpeg 300w, https:\/\/unser-quartier.de\/efi-team-bergheim\/files\/2019\/04\/6211CCFE-0206-4770-B9E0-C6822F30D988.jpeg 750w\" sizes=\"auto, (max-width: 150px) 100vw, 150px\" \/><\/a>\n\t\t\t<\/div><\/figure><figure class='gallery-item'>\n\t\t\t<div class='gallery-icon portrait'>\n\t\t\t\t<a href=\"https:\/\/unser-quartier.de\/efi-team-bergheim\/2019\/04\/bm-tv-informiert\/2a7d1cb0-2a15-4270-82b8-fb8a0a3f3c5a\/#main\" data-wpel-link=\"internal\"><img loading=\"lazy\" decoding=\"async\" width=\"150\" height=\"163\" src=\"https:\/\/unser-quartier.de\/efi-team-bergheim\/files\/2019\/04\/2A7D1CB0-2A15-4270-82B8-FB8A0A3F3C5A-150x163.jpeg\" class=\"attachment-thumbnail size-thumbnail\" alt=\"\" srcset=\"https:\/\/unser-quartier.de\/efi-team-bergheim\/files\/2019\/04\/2A7D1CB0-2A15-4270-82B8-FB8A0A3F3C5A-150x163.jpeg 150w, https:\/\/unser-quartier.de\/efi-team-bergheim\/files\/2019\/04\/2A7D1CB0-2A15-4270-82B8-FB8A0A3F3C5A-300x325.jpeg 300w, https:\/\/unser-quartier.de\/efi-team-bergheim\/files\/2019\/04\/2A7D1CB0-2A15-4270-82B8-FB8A0A3F3C5A-768x833.jpeg 768w, https:\/\/unser-quartier.de\/efi-team-bergheim\/files\/2019\/04\/2A7D1CB0-2A15-4270-82B8-FB8A0A3F3C5A-944x1024.jpeg 944w, https:\/\/unser-quartier.de\/efi-team-bergheim\/files\/2019\/04\/2A7D1CB0-2A15-4270-82B8-FB8A0A3F3C5A.jpeg 1106w\" sizes=\"auto, (max-width: 150px) 100vw, 150px\" \/><\/a>\n\t\t\t<\/div><\/figure><figure class='gallery-item'>\n\t\t\t<div class='gallery-icon portrait'>\n\t\t\t\t<a href=\"https:\/\/unser-quartier.de\/efi-team-bergheim\/2019\/04\/bm-tv-informiert\/515f9254-4818-4f8d-ab3d-1de321027cea\/#main\" data-wpel-link=\"internal\"><img loading=\"lazy\" decoding=\"async\" width=\"150\" height=\"151\" src=\"https:\/\/unser-quartier.de\/efi-team-bergheim\/files\/2019\/04\/515F9254-4818-4F8D-AB3D-1DE321027CEA-150x151.jpeg\" class=\"attachment-thumbnail size-thumbnail\" alt=\"\" srcset=\"https:\/\/unser-quartier.de\/efi-team-bergheim\/files\/2019\/04\/515F9254-4818-4F8D-AB3D-1DE321027CEA-150x151.jpeg 150w, https:\/\/unser-quartier.de\/efi-team-bergheim\/files\/2019\/04\/515F9254-4818-4F8D-AB3D-1DE321027CEA-300x303.jpeg 300w, https:\/\/unser-quartier.de\/efi-team-bergheim\/files\/2019\/04\/515F9254-4818-4F8D-AB3D-1DE321027CEA-768x774.jpeg 768w, https:\/\/unser-quartier.de\/efi-team-bergheim\/files\/2019\/04\/515F9254-4818-4F8D-AB3D-1DE321027CEA-1015x1024.jpeg 1015w, https:\/\/unser-quartier.de\/efi-team-bergheim\/files\/2019\/04\/515F9254-4818-4F8D-AB3D-1DE321027CEA.jpeg 1190w\" sizes=\"auto, (max-width: 150px) 100vw, 150px\" \/><\/a>\n\t\t\t<\/div><\/figure><figure class='gallery-item'>\n\t\t\t<div class='gallery-icon landscape'>\n\t\t\t\t<a href=\"https:\/\/unser-quartier.de\/efi-team-bergheim\/2019\/01\/gesucht-mentorinnen-und-mentoren\/c80a44a1-f1c1-42fe-8ce2-dceedff226cb\/#main\" data-wpel-link=\"internal\"><img loading=\"lazy\" decoding=\"async\" width=\"150\" height=\"150\" src=\"https:\/\/unser-quartier.de\/efi-team-bergheim\/files\/2019\/01\/C80A44A1-F1C1-42FE-8CE2-DCEEDFF226CB-150x150.jpeg\" class=\"attachment-thumbnail size-thumbnail\" alt=\"\" srcset=\"https:\/\/unser-quartier.de\/efi-team-bergheim\/files\/2019\/01\/C80A44A1-F1C1-42FE-8CE2-DCEEDFF226CB-150x150.jpeg 150w, https:\/\/unser-quartier.de\/efi-team-bergheim\/files\/2019\/01\/C80A44A1-F1C1-42FE-8CE2-DCEEDFF226CB-300x300.jpeg 300w, https:\/\/unser-quartier.de\/efi-team-bergheim\/files\/2019\/01\/C80A44A1-F1C1-42FE-8CE2-DCEEDFF226CB.jpeg 750w\" sizes=\"auto, (max-width: 150px) 100vw, 150px\" \/><\/a>\n\t\t\t<\/div><\/figure><figure class='gallery-item'>\n\t\t\t<div class='gallery-icon portrait'>\n\t\t\t\t<a href=\"https:\/\/unser-quartier.de\/efi-team-bergheim\/2019\/01\/gesucht-mentorinnen-und-mentoren\/d75f1068-9299-423f-9c7b-14a6ac1afa06\/#main\" data-wpel-link=\"internal\"><img loading=\"lazy\" decoding=\"async\" width=\"150\" height=\"193\" src=\"https:\/\/unser-quartier.de\/efi-team-bergheim\/files\/2019\/01\/D75F1068-9299-423F-9C7B-14A6AC1AFA06-150x193.jpeg\" class=\"attachment-thumbnail size-thumbnail\" alt=\"\" srcset=\"https:\/\/unser-quartier.de\/efi-team-bergheim\/files\/2019\/01\/D75F1068-9299-423F-9C7B-14A6AC1AFA06-150x193.jpeg 150w, https:\/\/unser-quartier.de\/efi-team-bergheim\/files\/2019\/01\/D75F1068-9299-423F-9C7B-14A6AC1AFA06-300x385.jpeg 300w, https:\/\/unser-quartier.de\/efi-team-bergheim\/files\/2019\/01\/D75F1068-9299-423F-9C7B-14A6AC1AFA06-768x986.jpeg 768w, https:\/\/unser-quartier.de\/efi-team-bergheim\/files\/2019\/01\/D75F1068-9299-423F-9C7B-14A6AC1AFA06-798x1024.jpeg 798w, https:\/\/unser-quartier.de\/efi-team-bergheim\/files\/2019\/01\/D75F1068-9299-423F-9C7B-14A6AC1AFA06.jpeg 935w\" sizes=\"auto, (max-width: 150px) 100vw, 150px\" \/><\/a>\n\t\t\t<\/div><\/figure><figure class='gallery-item'>\n\t\t\t<div class='gallery-icon portrait'>\n\t\t\t\t<a href=\"https:\/\/unser-quartier.de\/efi-team-bergheim\/2019\/01\/gesucht-mentorinnen-und-mentoren\/c4992bf3-bcfd-4ee5-b4c3-ed42fcbef5c0\/#main\" data-wpel-link=\"internal\"><img loading=\"lazy\" decoding=\"async\" width=\"150\" height=\"215\" src=\"https:\/\/unser-quartier.de\/efi-team-bergheim\/files\/2019\/01\/C4992BF3-BCFD-4EE5-B4C3-ED42FCBEF5C0-150x215.jpeg\" class=\"attachment-thumbnail size-thumbnail\" alt=\"\" srcset=\"https:\/\/unser-quartier.de\/efi-team-bergheim\/files\/2019\/01\/C4992BF3-BCFD-4EE5-B4C3-ED42FCBEF5C0-150x215.jpeg 150w, https:\/\/unser-quartier.de\/efi-team-bergheim\/files\/2019\/01\/C4992BF3-BCFD-4EE5-B4C3-ED42FCBEF5C0-300x429.jpeg 300w, https:\/\/unser-quartier.de\/efi-team-bergheim\/files\/2019\/01\/C4992BF3-BCFD-4EE5-B4C3-ED42FCBEF5C0-768x1098.jpeg 768w, https:\/\/unser-quartier.de\/efi-team-bergheim\/files\/2019\/01\/C4992BF3-BCFD-4EE5-B4C3-ED42FCBEF5C0-716x1024.jpeg 716w, https:\/\/unser-quartier.de\/efi-team-bergheim\/files\/2019\/01\/C4992BF3-BCFD-4EE5-B4C3-ED42FCBEF5C0.jpeg 839w\" sizes=\"auto, (max-width: 150px) 100vw, 150px\" \/><\/a>\n\t\t\t<\/div><\/figure><figure class='gallery-item'>\n\t\t\t<div class='gallery-icon landscape'>\n\t\t\t\t<a href=\"https:\/\/unser-quartier.de\/efi-team-bergheim\/mentor-die-leselernhelfer-bergheim\/mentor-bergheim\/#main\" data-wpel-link=\"internal\"><img loading=\"lazy\" decoding=\"async\" width=\"150\" height=\"47\" src=\"https:\/\/unser-quartier.de\/efi-team-bergheim\/files\/2019\/01\/Mentor-Bergheim-150x47.jpg\" class=\"attachment-thumbnail size-thumbnail\" alt=\"\" srcset=\"https:\/\/unser-quartier.de\/efi-team-bergheim\/files\/2019\/01\/Mentor-Bergheim-150x47.jpg 150w, https:\/\/unser-quartier.de\/efi-team-bergheim\/files\/2019\/01\/Mentor-Bergheim-300x94.jpg 300w, https:\/\/unser-quartier.de\/efi-team-bergheim\/files\/2019\/01\/Mentor-Bergheim-768x240.jpg 768w, https:\/\/unser-quartier.de\/efi-team-bergheim\/files\/2019\/01\/Mentor-Bergheim.jpg 1022w\" sizes=\"auto, (max-width: 150px) 100vw, 150px\" \/><\/a>\n\t\t\t<\/div><\/figure><figure class='gallery-item'>\n\t\t\t<div class='gallery-icon landscape'>\n\t\t\t\t<a href=\"https:\/\/unser-quartier.de\/efi-team-bergheim\/?attachment_id=1134#main\" data-wpel-link=\"internal\"><img loading=\"lazy\" decoding=\"async\" width=\"150\" height=\"113\" src=\"https:\/\/unser-quartier.de\/efi-team-bergheim\/files\/2016\/01\/Top_Shots-9-150x113.jpg\" class=\"attachment-thumbnail size-thumbnail\" alt=\"Kreatives Malen\" aria-describedby=\"gallery-1-1134\" srcset=\"https:\/\/unser-quartier.de\/efi-team-bergheim\/files\/2016\/01\/Top_Shots-9-150x113.jpg 150w, https:\/\/unser-quartier.de\/efi-team-bergheim\/files\/2016\/01\/Top_Shots-9-300x225.jpg 300w, https:\/\/unser-quartier.de\/efi-team-bergheim\/files\/2016\/01\/Top_Shots-9-768x576.jpg 768w, https:\/\/unser-quartier.de\/efi-team-bergheim\/files\/2016\/01\/Top_Shots-9-1024x768.jpg 1024w, https:\/\/unser-quartier.de\/efi-team-bergheim\/files\/2016\/01\/Top_Shots-9-75x56.jpg 75w, https:\/\/unser-quartier.de\/efi-team-bergheim\/files\/2016\/01\/Top_Shots-9.jpg 1200w\" sizes=\"auto, (max-width: 150px) 100vw, 150px\" \/><\/a>\n\t\t\t<\/div>\n\t\t\t\t<figcaption class='wp-caption-text gallery-caption' id='gallery-1-1134'>\n\t\t\t\tWir sind kreativ &#8230;\n\t\t\t\t<\/figcaption><\/figure>\n\t\t<\/div>\n\n","protected":false},"excerpt":{"rendered":"<p>Zwei WAHL.ABOs f\u00fcr Hans-J\u00fcrgen Knabben &#8230; Im Rahmen unserer Aktion der Weitergabe von Eintrittskarten an Ehrenamtler haben wir heute Hans-J\u00fcrgen Knabben vor dem MEDIO getroffen und ihm zwei WAHL.ABOs f\u00fcrs MEDIO \u00fcberreicht. Er war hier bei facebook und auch per E-Mail mehrfach als w\u00fcrdiger Empf\u00e4nger einer Anerkennung genannt worden &#8211; und das ist auch kein&hellip; <a class=\"continue\" href=\"https:\/\/unser-quartier.de\/efi-team-bergheim\/2019\/04\/bm-tv-informiert\/\" data-wpel-link=\"internal\"> \u00bb weiterlesen: <span> BM TV informiert &#8230;<\/span><\/a><\/p>\n","protected":false},"author":48,"featured_media":0,"comment_status":"closed","ping_status":"closed","sticky":false,"template":"","format":"standard","meta":{"generate_page_header":"","footnotes":""},"categories":[1],"tags":[],"class_list":["post-1966","post","type-post","status-publish","format-standard","hentry","category-dies-und-das","infinite-scroll-item"],"_links":{"self":[{"href":"https:\/\/unser-quartier.de\/efi-team-bergheim\/wp-json\/wp\/v2\/posts\/1966","targetHints":{"allow":["GET"]}}],"collection":[{"href":"https:\/\/unser-quartier.de\/efi-team-bergheim\/wp-json\/wp\/v2\/posts"}],"about":[{"href":"https:\/\/unser-quartier.de\/efi-team-bergheim\/wp-json\/wp\/v2\/types\/post"}],"author":[{"embeddable":true,"href":"https:\/\/unser-quartier.de\/efi-team-bergheim\/wp-json\/wp\/v2\/users\/48"}],"replies":[{"embeddable":true,"href":"https:\/\/unser-quartier.de\/efi-team-bergheim\/wp-json\/wp\/v2\/comments?post=1966"}],"version-history":[{"count":0,"href":"https:\/\/unser-quartier.de\/efi-team-bergheim\/wp-json\/wp\/v2\/posts\/1966\/revisions"}],"wp:attachment":[{"href":"https:\/\/unser-quartier.de\/efi-team-bergheim\/wp-json\/wp\/v2\/media?parent=1966"}],"wp:term":[{"taxonomy":"category","embeddable":true,"href":"https:\/\/unser-quartier.de\/efi-team-bergheim\/wp-json\/wp\/v2\/categories?post=1966"},{"taxonomy":"post_tag","embeddable":true,"href":"https:\/\/unser-quartier.de\/efi-team-bergheim\/wp-json\/wp\/v2\/tags?post=1966"}],"curies":[{"name":"wp","href":"https:\/\/api.w.org\/{rel}","templated":true}]}}