{"id":1990,"date":"2019-05-15T21:15:36","date_gmt":"2019-05-15T19:15:36","guid":{"rendered":"https:\/\/unser-quartier.de\/efi-team-bergheim\/?p=1990"},"modified":"2019-05-15T22:11:27","modified_gmt":"2019-05-15T20:11:27","slug":"mitgliederversammlung-im-efi-team-bergheim-e-v","status":"publish","type":"post","link":"https:\/\/unser-quartier.de\/efi-team-bergheim\/2019\/05\/mitgliederversammlung-im-efi-team-bergheim-e-v\/","title":{"rendered":"Mitgliederversammlung im EFI-Team Bergheim e.V."},"content":{"rendered":"<p><span style=\"font-size: 18pt;font-family: arial, helvetica, sans-serif\">Die Mitgliederversammlung vom EFI-Team Bergheim e.V., am Mittwoch den 15.5.2019 von 14:30-16:30 Uhr, \u00a0hat den Vorstand Heidi Wolter, Heribert K\u00fcppers, Hans-J\u00fcrgen Knabben entlastet! Danke&#8230;<\/span><\/p>\n<p><span style=\"font-size: 18pt\">Heribert K\u00fcppers trat als zweiter Vorsitzender zur\u00fcck. Danke Heribert f\u00fcr deinen Ersatz als zweiter Vorsitzender!<\/span><\/p>\n<p><span style=\"font-size: 18pt\">Neu gew\u00e4hlt f\u00fcr das Ehrenamt als 2. Vorsitzender, wurde Margriet Dreyer. Viel Erfolg w\u00fcnschen wir&#8230;<\/span><\/p>\n<p><span style=\"font-size: 18pt\">Unser neuer Vorstand:<\/span><\/p>\n<p><span style=\"font-size: 18pt\">Heidi Wolter <\/span><span style=\"font-size: 18pt\">Kassenwartin<\/span><\/p>\n<p><span style=\"font-size: 18pt\">Margriet Dreyer <\/span><span style=\"font-size: 18pt\">2.Vorsitzende<\/span><\/p>\n<p><span style=\"font-size: 18pt\">Hans-J\u00fcrgen Knabben\u00a0<\/span><span style=\"font-size: 18pt\">1.Vorsitzender<\/span><\/p>\n<p>&nbsp;<\/p>\n<p>&nbsp;<\/p>\n<p>&nbsp;<\/p>\n","protected":false},"excerpt":{"rendered":"<p>Die Mitgliederversammlung vom EFI-Team Bergheim e.V., am Mittwoch den 15.5.2019 von 14:30-16:30 Uhr, \u00a0hat den Vorstand Heidi Wolter, Heribert K\u00fcppers, Hans-J\u00fcrgen Knabben entlastet! Danke&#8230; Heribert K\u00fcppers trat als zweiter Vorsitzender zur\u00fcck. Danke Heribert f\u00fcr deinen Ersatz als zweiter Vorsitzender! Neu gew\u00e4hlt f\u00fcr das Ehrenamt als 2. Vorsitzender, wurde Margriet Dreyer. Viel Erfolg w\u00fcnschen wir&#8230; Unser&hellip; <a class=\"continue\" href=\"https:\/\/unser-quartier.de\/efi-team-bergheim\/2019\/05\/mitgliederversammlung-im-efi-team-bergheim-e-v\/\" data-wpel-link=\"internal\"> \u00bb weiterlesen: <span> Mitgliederversammlung im EFI-Team Bergheim e.V.<\/span><\/a><\/p>\n","protected":false},"author":48,"featured_media":0,"comment_status":"closed","ping_status":"closed","sticky":false,"template":"","format":"standard","meta":{"generate_page_header":"","footnotes":""},"categories":[1],"tags":[],"class_list":["post-1990","post","type-post","status-publish","format-standard","hentry","category-dies-und-das","infinite-scroll-item"],"_links":{"self":[{"href":"https:\/\/unser-quartier.de\/efi-team-bergheim\/wp-json\/wp\/v2\/posts\/1990","targetHints":{"allow":["GET"]}}],"collection":[{"href":"https:\/\/unser-quartier.de\/efi-team-bergheim\/wp-json\/wp\/v2\/posts"}],"about":[{"href":"https:\/\/unser-quartier.de\/efi-team-bergheim\/wp-json\/wp\/v2\/types\/post"}],"author":[{"embeddable":true,"href":"https:\/\/unser-quartier.de\/efi-team-bergheim\/wp-json\/wp\/v2\/users\/48"}],"replies":[{"embeddable":true,"href":"https:\/\/unser-quartier.de\/efi-team-bergheim\/wp-json\/wp\/v2\/comments?post=1990"}],"version-history":[{"count":0,"href":"https:\/\/unser-quartier.de\/efi-team-bergheim\/wp-json\/wp\/v2\/posts\/1990\/revisions"}],"wp:attachment":[{"href":"https:\/\/unser-quartier.de\/efi-team-bergheim\/wp-json\/wp\/v2\/media?parent=1990"}],"wp:term":[{"taxonomy":"category","embeddable":true,"href":"https:\/\/unser-quartier.de\/efi-team-bergheim\/wp-json\/wp\/v2\/categories?post=1990"},{"taxonomy":"post_tag","embeddable":true,"href":"https:\/\/unser-quartier.de\/efi-team-bergheim\/wp-json\/wp\/v2\/tags?post=1990"}],"curies":[{"name":"wp","href":"https:\/\/api.w.org\/{rel}","templated":true}]}}