{"id":4252,"date":"2019-04-27T19:21:36","date_gmt":"2019-04-27T17:21:36","guid":{"rendered":"https:\/\/unser-quartier.de\/emsdeich-skulpturen\/?p=4252"},"modified":"2019-10-24T19:05:31","modified_gmt":"2019-10-24T17:05:31","slug":"kopfhand-ist-in-der-emsdeich-manege","status":"publish","type":"post","link":"https:\/\/unser-quartier.de\/emsdeich-skulpturen\/2019\/04\/kopfhand-ist-in-der-emsdeich-manege\/","title":{"rendered":"KOPFhand ist in der EMSDEICH-Manege"},"content":{"rendered":"<p><span style=\"font-family: arial, helvetica, sans-serif;font-size: 14pt\">Heute wurde die Skulptur KOPFhand von Ernie Huesmann am EMSDEICH bei viel Wasser von oben offiziell \u00fcbergeben.<\/span><br \/>\n<span style=\"font-family: arial, helvetica, sans-serif;font-size: 14pt\">Trotz des schlechten Wetters kamen doch zahlreiche Kunstinteressierte Grevener und auch G\u00e4ste von weiter her um die Skulptur das Erste mal zu sehen.<\/span><!--more--><\/p>\n<p><span style=\"font-size: 14pt\"><span style=\"font-family: arial, helvetica, sans-serif\">Die Sprecher bei der Einweihung, im wahrsten Sinn, waren der 2. stellvertretende B\u00fcrgermeister von Greven, Stevens Gomes, Pons Beuning als Kurator, f\u00fcr das Skulpturen-Team und Rainer Langkamp f\u00fcr den Sponsor, die Kreissparkasse Steinfurt.<\/span><\/span><\/p>\n<p><span style=\"font-family: arial, helvetica, sans-serif;font-size: 14pt\">Hier einige Fotos der \u00dcbergabe<\/span><\/p>\n<div id='gallery-2' class='gallery galleryid-4252 gallery-columns-3 gallery-size-thumbnail'><figure class='gallery-item'>\n\t\t\t<div class='gallery-icon landscape'>\n\t\t\t\t<a href='https:\/\/unser-quartier.de\/emsdeich-skulpturen\/2019\/04\/kopfhand-ist-in-der-emsdeich-manege\/2019_04_27_1\/#main'><img loading=\"lazy\" decoding=\"async\" width=\"150\" height=\"100\" src=\"https:\/\/unser-quartier.de\/emsdeich-skulpturen\/files\/2019\/04\/2019_04_27_1-150x100.jpg\" class=\"attachment-thumbnail size-thumbnail\" alt=\"\" aria-describedby=\"gallery-2-4253\" srcset=\"https:\/\/unser-quartier.de\/emsdeich-skulpturen\/files\/2019\/04\/2019_04_27_1-150x100.jpg 150w, https:\/\/unser-quartier.de\/emsdeich-skulpturen\/files\/2019\/04\/2019_04_27_1-300x200.jpg 300w, https:\/\/unser-quartier.de\/emsdeich-skulpturen\/files\/2019\/04\/2019_04_27_1-768x512.jpg 768w, https:\/\/unser-quartier.de\/emsdeich-skulpturen\/files\/2019\/04\/2019_04_27_1.jpg 1200w, https:\/\/unser-quartier.de\/emsdeich-skulpturen\/files\/2019\/04\/2019_04_27_1-272x182.jpg 272w\" sizes=\"auto, (max-width: 150px) 100vw, 150px\" \/><\/a>\n\t\t\t<\/div>\n\t\t\t\t<figcaption class='wp-caption-text gallery-caption' id='gallery-2-4253'>\n\t\t\t\tStevens Gomes (2. stellv. B\u00fcrgermeister) spricht f\u00fcr die Stadt Greven\n\t\t\t\t<\/figcaption><\/figure><figure class='gallery-item'>\n\t\t\t<div class='gallery-icon portrait'>\n\t\t\t\t<a href='https:\/\/unser-quartier.de\/emsdeich-skulpturen\/2019\/04\/kopfhand-ist-in-der-emsdeich-manege\/2019_04_27_5\/#main'><img loading=\"lazy\" decoding=\"async\" width=\"150\" height=\"225\" src=\"https:\/\/unser-quartier.de\/emsdeich-skulpturen\/files\/2019\/04\/2019_04_27_5-150x225.jpg\" class=\"attachment-thumbnail size-thumbnail\" alt=\"\" aria-describedby=\"gallery-2-4257\" srcset=\"https:\/\/unser-quartier.de\/emsdeich-skulpturen\/files\/2019\/04\/2019_04_27_5-150x225.jpg 150w, https:\/\/unser-quartier.de\/emsdeich-skulpturen\/files\/2019\/04\/2019_04_27_5-300x450.jpg 300w, https:\/\/unser-quartier.de\/emsdeich-skulpturen\/files\/2019\/04\/2019_04_27_5-768x1152.jpg 768w, https:\/\/unser-quartier.de\/emsdeich-skulpturen\/files\/2019\/04\/2019_04_27_5-683x1024.jpg 683w, https:\/\/unser-quartier.de\/emsdeich-skulpturen\/files\/2019\/04\/2019_04_27_5.jpg 800w\" sizes=\"auto, (max-width: 150px) 100vw, 150px\" \/><\/a>\n\t\t\t<\/div>\n\t\t\t\t<figcaption class='wp-caption-text gallery-caption' id='gallery-2-4257'>\n\t\t\t\tKurator Pons Beuning, beschirmt vom K\u00fcnstler und Rainer Langkamp, Kreissparkasse Steinfurt\n\t\t\t\t<\/figcaption><\/figure><figure class='gallery-item'>\n\t\t\t<div class='gallery-icon portrait'>\n\t\t\t\t<a href='https:\/\/unser-quartier.de\/emsdeich-skulpturen\/2019\/04\/kopfhand-ist-in-der-emsdeich-manege\/2019_04_27_4\/#main'><img loading=\"lazy\" decoding=\"async\" width=\"150\" height=\"225\" src=\"https:\/\/unser-quartier.de\/emsdeich-skulpturen\/files\/2019\/04\/2019_04_27_4-150x225.jpg\" class=\"attachment-thumbnail size-thumbnail\" alt=\"\" aria-describedby=\"gallery-2-4256\" srcset=\"https:\/\/unser-quartier.de\/emsdeich-skulpturen\/files\/2019\/04\/2019_04_27_4-150x225.jpg 150w, https:\/\/unser-quartier.de\/emsdeich-skulpturen\/files\/2019\/04\/2019_04_27_4-300x450.jpg 300w, https:\/\/unser-quartier.de\/emsdeich-skulpturen\/files\/2019\/04\/2019_04_27_4-768x1152.jpg 768w, https:\/\/unser-quartier.de\/emsdeich-skulpturen\/files\/2019\/04\/2019_04_27_4-683x1024.jpg 683w, https:\/\/unser-quartier.de\/emsdeich-skulpturen\/files\/2019\/04\/2019_04_27_4.jpg 800w\" sizes=\"auto, (max-width: 150px) 100vw, 150px\" \/><\/a>\n\t\t\t<\/div>\n\t\t\t\t<figcaption class='wp-caption-text gallery-caption' id='gallery-2-4256'>\n\t\t\t\tfast nicht, da zahlt sich die H\u00f6he aus \n\t\t\t\t<\/figcaption><\/figure><figure class='gallery-item'>\n\t\t\t<div class='gallery-icon landscape'>\n\t\t\t\t<a href='https:\/\/unser-quartier.de\/emsdeich-skulpturen\/2019\/04\/kopfhand-ist-in-der-emsdeich-manege\/2019_04_27_2\/#main'><img loading=\"lazy\" decoding=\"async\" width=\"150\" height=\"100\" src=\"https:\/\/unser-quartier.de\/emsdeich-skulpturen\/files\/2019\/04\/2019_04_27_2-150x100.jpg\" class=\"attachment-thumbnail size-thumbnail\" alt=\"\" aria-describedby=\"gallery-2-4254\" srcset=\"https:\/\/unser-quartier.de\/emsdeich-skulpturen\/files\/2019\/04\/2019_04_27_2-150x100.jpg 150w, https:\/\/unser-quartier.de\/emsdeich-skulpturen\/files\/2019\/04\/2019_04_27_2-300x200.jpg 300w, https:\/\/unser-quartier.de\/emsdeich-skulpturen\/files\/2019\/04\/2019_04_27_2-768x512.jpg 768w, https:\/\/unser-quartier.de\/emsdeich-skulpturen\/files\/2019\/04\/2019_04_27_2.jpg 1200w, https:\/\/unser-quartier.de\/emsdeich-skulpturen\/files\/2019\/04\/2019_04_27_2-272x182.jpg 272w\" sizes=\"auto, (max-width: 150px) 100vw, 150px\" \/><\/a>\n\t\t\t<\/div>\n\t\t\t\t<figcaption class='wp-caption-text gallery-caption' id='gallery-2-4254'>\n\t\t\t\tdas ist ganz gro\u00dfer Zirkus\n\t\t\t\t<\/figcaption><\/figure><figure class='gallery-item'>\n\t\t\t<div class='gallery-icon landscape'>\n\t\t\t\t<a href='https:\/\/unser-quartier.de\/emsdeich-skulpturen\/2019\/04\/kopfhand-ist-in-der-emsdeich-manege\/2019_04_27_3\/#main'><img loading=\"lazy\" decoding=\"async\" width=\"150\" height=\"100\" src=\"https:\/\/unser-quartier.de\/emsdeich-skulpturen\/files\/2019\/04\/2019_04_27_3-150x100.jpg\" class=\"attachment-thumbnail size-thumbnail\" alt=\"\" aria-describedby=\"gallery-2-4255\" srcset=\"https:\/\/unser-quartier.de\/emsdeich-skulpturen\/files\/2019\/04\/2019_04_27_3-150x100.jpg 150w, https:\/\/unser-quartier.de\/emsdeich-skulpturen\/files\/2019\/04\/2019_04_27_3-300x200.jpg 300w, https:\/\/unser-quartier.de\/emsdeich-skulpturen\/files\/2019\/04\/2019_04_27_3-768x512.jpg 768w, https:\/\/unser-quartier.de\/emsdeich-skulpturen\/files\/2019\/04\/2019_04_27_3.jpg 1200w, https:\/\/unser-quartier.de\/emsdeich-skulpturen\/files\/2019\/04\/2019_04_27_3-272x182.jpg 272w\" sizes=\"auto, (max-width: 150px) 100vw, 150px\" \/><\/a>\n\t\t\t<\/div>\n\t\t\t\t<figcaption class='wp-caption-text gallery-caption' id='gallery-2-4255'>\n\t\t\t\tvor lauter Schirmen sieht man die Skulptur ..\n\t\t\t\t<\/figcaption><\/figure><figure class='gallery-item'>\n\t\t\t<div class='gallery-icon landscape'>\n\t\t\t\t<a href='https:\/\/unser-quartier.de\/emsdeich-skulpturen\/2019\/04\/kopfhand-ist-in-der-emsdeich-manege\/2019_04_27_6\/#main'><img loading=\"lazy\" decoding=\"async\" width=\"150\" height=\"84\" src=\"https:\/\/unser-quartier.de\/emsdeich-skulpturen\/files\/2019\/04\/2019_04_27_6-150x84.jpg\" class=\"attachment-thumbnail size-thumbnail\" alt=\"\" aria-describedby=\"gallery-2-4258\" srcset=\"https:\/\/unser-quartier.de\/emsdeich-skulpturen\/files\/2019\/04\/2019_04_27_6-150x84.jpg 150w, https:\/\/unser-quartier.de\/emsdeich-skulpturen\/files\/2019\/04\/2019_04_27_6-300x169.jpg 300w, https:\/\/unser-quartier.de\/emsdeich-skulpturen\/files\/2019\/04\/2019_04_27_6-768x432.jpg 768w, https:\/\/unser-quartier.de\/emsdeich-skulpturen\/files\/2019\/04\/2019_04_27_6.jpg 1200w\" sizes=\"auto, (max-width: 150px) 100vw, 150px\" \/><\/a>\n\t\t\t<\/div>\n\t\t\t\t<figcaption class='wp-caption-text gallery-caption' id='gallery-2-4258'>\n\t\t\t\tB\u00fcrgermeister, Sponsor, K\u00fcnstler und Kurator enth\u00fcllen das Kunstwerk\n\t\t\t\t<\/figcaption><\/figure><figure class='gallery-item'>\n\t\t\t<div class='gallery-icon portrait'>\n\t\t\t\t<a href='https:\/\/unser-quartier.de\/emsdeich-skulpturen\/2019\/04\/kopfhand-ist-in-der-emsdeich-manege\/2019_04_27_7\/#main'><img loading=\"lazy\" decoding=\"async\" width=\"150\" height=\"267\" src=\"https:\/\/unser-quartier.de\/emsdeich-skulpturen\/files\/2019\/04\/2019_04_27_7-150x267.jpg\" class=\"attachment-thumbnail size-thumbnail\" alt=\"\" aria-describedby=\"gallery-2-4259\" srcset=\"https:\/\/unser-quartier.de\/emsdeich-skulpturen\/files\/2019\/04\/2019_04_27_7-150x267.jpg 150w, https:\/\/unser-quartier.de\/emsdeich-skulpturen\/files\/2019\/04\/2019_04_27_7-300x533.jpg 300w, https:\/\/unser-quartier.de\/emsdeich-skulpturen\/files\/2019\/04\/2019_04_27_7-576x1024.jpg 576w, https:\/\/unser-quartier.de\/emsdeich-skulpturen\/files\/2019\/04\/2019_04_27_7.jpg 675w\" sizes=\"auto, (max-width: 150px) 100vw, 150px\" \/><\/a>\n\t\t\t<\/div>\n\t\t\t\t<figcaption class='wp-caption-text gallery-caption' id='gallery-2-4259'>\n\t\t\t\tdas EMSDEICH-Team ist zufrieden\n\t\t\t\t<\/figcaption><\/figure><figure class='gallery-item'>\n\t\t\t<div class='gallery-icon landscape'>\n\t\t\t\t<a href='https:\/\/unser-quartier.de\/emsdeich-skulpturen\/2019\/04\/kopfhand-ist-in-der-emsdeich-manege\/p1020889\/#main'><img loading=\"lazy\" decoding=\"async\" width=\"150\" height=\"84\" src=\"https:\/\/unser-quartier.de\/emsdeich-skulpturen\/files\/2019\/04\/P1020889-150x84.jpg\" class=\"attachment-thumbnail size-thumbnail\" alt=\"\" srcset=\"https:\/\/unser-quartier.de\/emsdeich-skulpturen\/files\/2019\/04\/P1020889-150x84.jpg 150w, https:\/\/unser-quartier.de\/emsdeich-skulpturen\/files\/2019\/04\/P1020889-300x169.jpg 300w, https:\/\/unser-quartier.de\/emsdeich-skulpturen\/files\/2019\/04\/P1020889-768x432.jpg 768w, https:\/\/unser-quartier.de\/emsdeich-skulpturen\/files\/2019\/04\/P1020889.jpg 1200w\" sizes=\"auto, (max-width: 150px) 100vw, 150px\" \/><\/a>\n\t\t\t<\/div><\/figure>\n\t\t<\/div>\n\n","protected":false},"excerpt":{"rendered":"<p>Heute wurde die Skulptur KOPFhand von Ernie Huesmann am EMSDEICH bei viel Wasser von oben offiziell \u00fcbergeben. Trotz des schlechten Wetters kamen doch zahlreiche Kunstinteressierte &#8230; <a title=\"KOPFhand ist in der EMSDEICH-Manege\" class=\"read-more\" href=\"https:\/\/unser-quartier.de\/emsdeich-skulpturen\/2019\/04\/kopfhand-ist-in-der-emsdeich-manege\/\" aria-label=\"Mehr Informationen \u00fcber KOPFhand ist in der EMSDEICH-Manege\">weiterlesen &#8230;<\/a><\/p>\n","protected":false},"author":301,"featured_media":4260,"comment_status":"closed","ping_status":"closed","sticky":false,"template":"","format":"standard","meta":{"generate_page_header":"","footnotes":""},"categories":[201],"tags":[169,181,182],"class_list":["post-4252","post","type-post","status-publish","format-standard","has-post-thumbnail","hentry","category-beitraege","tag-emsdeich-skulpturen","tag-huesmann","tag-kopfhand","infinite-scroll-item","masonry-post","generate-columns","tablet-grid-50","mobile-grid-100","grid-parent","grid-50"],"_links":{"self":[{"href":"https:\/\/unser-quartier.de\/emsdeich-skulpturen\/wp-json\/wp\/v2\/posts\/4252","targetHints":{"allow":["GET"]}}],"collection":[{"href":"https:\/\/unser-quartier.de\/emsdeich-skulpturen\/wp-json\/wp\/v2\/posts"}],"about":[{"href":"https:\/\/unser-quartier.de\/emsdeich-skulpturen\/wp-json\/wp\/v2\/types\/post"}],"author":[{"embeddable":true,"href":"https:\/\/unser-quartier.de\/emsdeich-skulpturen\/wp-json\/wp\/v2\/users\/301"}],"replies":[{"embeddable":true,"href":"https:\/\/unser-quartier.de\/emsdeich-skulpturen\/wp-json\/wp\/v2\/comments?post=4252"}],"version-history":[{"count":0,"href":"https:\/\/unser-quartier.de\/emsdeich-skulpturen\/wp-json\/wp\/v2\/posts\/4252\/revisions"}],"wp:featuredmedia":[{"embeddable":true,"href":"https:\/\/unser-quartier.de\/emsdeich-skulpturen\/wp-json\/wp\/v2\/media\/4260"}],"wp:attachment":[{"href":"https:\/\/unser-quartier.de\/emsdeich-skulpturen\/wp-json\/wp\/v2\/media?parent=4252"}],"wp:term":[{"taxonomy":"category","embeddable":true,"href":"https:\/\/unser-quartier.de\/emsdeich-skulpturen\/wp-json\/wp\/v2\/categories?post=4252"},{"taxonomy":"post_tag","embeddable":true,"href":"https:\/\/unser-quartier.de\/emsdeich-skulpturen\/wp-json\/wp\/v2\/tags?post=4252"}],"curies":[{"name":"wp","href":"https:\/\/api.w.org\/{rel}","templated":true}]}}