{"id":4268,"date":"2019-05-01T17:14:59","date_gmt":"2019-05-01T15:14:59","guid":{"rendered":"https:\/\/unser-quartier.de\/emsdeich-skulpturen\/?p=4268"},"modified":"2019-10-24T19:05:09","modified_gmt":"2019-10-24T17:05:09","slug":"eroeffnungsfeier-neben-dem-zirkus","status":"publish","type":"post","link":"https:\/\/unser-quartier.de\/emsdeich-skulpturen\/2019\/05\/eroeffnungsfeier-neben-dem-zirkus\/","title":{"rendered":"Er\u00f6ffnungsfeier neben dem Zirkus"},"content":{"rendered":"<p><span style=\"font-family: arial, helvetica, sans-serif\"><strong><span style=\"font-size: 18pt\">Die Landsmarke \u201eKopfhand Nummer eins\u201c<\/span> <\/strong><\/span><\/p>\n<p><span style=\"font-family: arial, helvetica, sans-serif;font-size: 14pt\">Gut beschirmt hatten sich gut f\u00fcnfzig Er\u00f6ffnungsg\u00e4ste am Deich eingefunden, um dabei zu sein, wenn die mittlerweile siebte Emsdeich-Skulptur offiziell ihrer Bestimmung \u00fcbergeben wird.<\/span><\/p>\n<p style=\"text-align: right\"><span style=\"font-family: arial, helvetica, sans-serif\">Von Hans L\u00fcttmann<\/span> <!--more--><\/p>\n<figure id=\"attachment_4266\" aria-describedby=\"caption-attachment-4266\" style=\"width: 590px\" class=\"wp-caption aligncenter\"><img loading=\"lazy\" decoding=\"async\" class=\"wp-image-4266\" src=\"https:\/\/unser-quartier.de\/emsdeich-skulpturen\/files\/2019\/05\/Eroeffnungsfeier-neben-dem-Zirkus-Die-Landsmarke-Kopfhand-Nummer-eins_image_1024_width-300x225.jpg\" alt=\"\" width=\"600\" height=\"450\" srcset=\"https:\/\/unser-quartier.de\/emsdeich-skulpturen\/files\/2019\/05\/Eroeffnungsfeier-neben-dem-Zirkus-Die-Landsmarke-Kopfhand-Nummer-eins_image_1024_width-300x225.jpg 300w, https:\/\/unser-quartier.de\/emsdeich-skulpturen\/files\/2019\/05\/Eroeffnungsfeier-neben-dem-Zirkus-Die-Landsmarke-Kopfhand-Nummer-eins_image_1024_width-150x112.jpg 150w, https:\/\/unser-quartier.de\/emsdeich-skulpturen\/files\/2019\/05\/Eroeffnungsfeier-neben-dem-Zirkus-Die-Landsmarke-Kopfhand-Nummer-eins_image_1024_width-768x576.jpg 768w, https:\/\/unser-quartier.de\/emsdeich-skulpturen\/files\/2019\/05\/Eroeffnungsfeier-neben-dem-Zirkus-Die-Landsmarke-Kopfhand-Nummer-eins_image_1024_width.jpg 911w\" sizes=\"auto, (max-width: 600px) 100vw, 600px\" \/><figcaption id=\"caption-attachment-4266\" class=\"wp-caption-text\">Der stellvertretende B\u00fcrgermeister Stevens Gomes, Sparkassenchef Rainer Langkamp, Ernie Huesmann und Pons Beuning (von links) \u201eenth\u00fcllten\u201c das Kunstwerk. Foto: Hans L\u00fcttmann<\/figcaption><\/figure>\n<p><span style=\"font-family: arial, helvetica, sans-serif;font-size: 14pt\">Der \u201eCircus Fantasia\u201c hatte schon den roten Teppich ausgerollt und in die Manege eingeladen, dann fand die kleine Er\u00f6ffnungsfeier f\u00fcr Ernie Huesmanns \u201eKopfhand Nummer eins\u201c aber doch ebendort statt, wo die fast neun Meter hohe Skulptur schon seit einigen Tagen steht.<\/span><\/p>\n<p style=\"text-align: right\"><span style=\"font-family: arial, helvetica, sans-serif;font-size: 14pt\"><a href=\"https:\/\/www.wn.de\/Muensterland\/Kreis-Steinfurt\/Greven\/3754727-Eroeffnungsfeier-neben-dem-Zirkus-Die-Landsmarke-Kopfhand-Nummer-eins\">hier der Link zum Originalartikel<\/a> in der <\/span><a href=\"https:\/\/www.wn.de\/Muensterland\/Kreis-Steinfurt\/Greven\/3754727-Eroeffnungsfeier-neben-dem-Zirkus-Die-Landsmarke-Kopfhand-Nummer-eins\"><img loading=\"lazy\" decoding=\"async\" class=\"alignnone wp-image-4245\" src=\"https:\/\/unser-quartier.de\/emsdeich-skulpturen\/files\/2019\/04\/Logo_WN.png\" alt=\"WN Logo\" width=\"100\" height=\"44\" srcset=\"https:\/\/unser-quartier.de\/emsdeich-skulpturen\/files\/2019\/04\/Logo_WN.png 173w, https:\/\/unser-quartier.de\/emsdeich-skulpturen\/files\/2019\/04\/Logo_WN-150x66.png 150w\" sizes=\"auto, (max-width: 100px) 100vw, 100px\" \/><\/a><\/p>\n","protected":false},"excerpt":{"rendered":"<p>Die Landsmarke \u201eKopfhand Nummer eins\u201c Gut beschirmt hatten sich gut f\u00fcnfzig Er\u00f6ffnungsg\u00e4ste am Deich eingefunden, um dabei zu sein, wenn die mittlerweile siebte Emsdeich-Skulptur offiziell &#8230; <a title=\"Er\u00f6ffnungsfeier neben dem Zirkus\" class=\"read-more\" href=\"https:\/\/unser-quartier.de\/emsdeich-skulpturen\/2019\/05\/eroeffnungsfeier-neben-dem-zirkus\/\" aria-label=\"Mehr Informationen \u00fcber Er\u00f6ffnungsfeier neben dem Zirkus\">weiterlesen &#8230;<\/a><\/p>\n","protected":false},"author":301,"featured_media":4260,"comment_status":"closed","ping_status":"closed","sticky":false,"template":"","format":"standard","meta":{"generate_page_header":"","footnotes":""},"categories":[168],"tags":[169,181,182],"class_list":["post-4268","post","type-post","status-publish","format-standard","has-post-thumbnail","hentry","category-presseberichte","tag-emsdeich-skulpturen","tag-huesmann","tag-kopfhand","infinite-scroll-item","masonry-post","generate-columns","tablet-grid-50","mobile-grid-100","grid-parent","grid-50"],"_links":{"self":[{"href":"https:\/\/unser-quartier.de\/emsdeich-skulpturen\/wp-json\/wp\/v2\/posts\/4268","targetHints":{"allow":["GET"]}}],"collection":[{"href":"https:\/\/unser-quartier.de\/emsdeich-skulpturen\/wp-json\/wp\/v2\/posts"}],"about":[{"href":"https:\/\/unser-quartier.de\/emsdeich-skulpturen\/wp-json\/wp\/v2\/types\/post"}],"author":[{"embeddable":true,"href":"https:\/\/unser-quartier.de\/emsdeich-skulpturen\/wp-json\/wp\/v2\/users\/301"}],"replies":[{"embeddable":true,"href":"https:\/\/unser-quartier.de\/emsdeich-skulpturen\/wp-json\/wp\/v2\/comments?post=4268"}],"version-history":[{"count":0,"href":"https:\/\/unser-quartier.de\/emsdeich-skulpturen\/wp-json\/wp\/v2\/posts\/4268\/revisions"}],"wp:featuredmedia":[{"embeddable":true,"href":"https:\/\/unser-quartier.de\/emsdeich-skulpturen\/wp-json\/wp\/v2\/media\/4260"}],"wp:attachment":[{"href":"https:\/\/unser-quartier.de\/emsdeich-skulpturen\/wp-json\/wp\/v2\/media?parent=4268"}],"wp:term":[{"taxonomy":"category","embeddable":true,"href":"https:\/\/unser-quartier.de\/emsdeich-skulpturen\/wp-json\/wp\/v2\/categories?post=4268"},{"taxonomy":"post_tag","embeddable":true,"href":"https:\/\/unser-quartier.de\/emsdeich-skulpturen\/wp-json\/wp\/v2\/tags?post=4268"}],"curies":[{"name":"wp","href":"https:\/\/api.w.org\/{rel}","templated":true}]}}