{"id":4285,"date":"2019-09-12T21:07:27","date_gmt":"2019-09-12T19:07:27","guid":{"rendered":"https:\/\/unser-quartier.de\/emsdeich-skulpturen\/?p=4285"},"modified":"2019-10-24T19:04:07","modified_gmt":"2019-10-24T17:04:07","slug":"richtfest-fuer-den-webstuhl","status":"publish","type":"post","link":"https:\/\/unser-quartier.de\/emsdeich-skulpturen\/2019\/09\/richtfest-fuer-den-webstuhl\/","title":{"rendered":"Richtfest f\u00fcr den WEBstuhl"},"content":{"rendered":"<p><span style=\"font-family: arial, helvetica, sans-serif;font-size: 14pt\">Das Team war heute, zusammen mit dem K\u00fcnstler Manfred Schl\u00fcter aus Gladbeck<br \/>\nbei Ludger Ebbert, <a href=\"https:\/\/www.metallgestaltung-ebbert.de\/\" rel=\"nofollow\"><img loading=\"lazy\" decoding=\"async\" class=\"alignnone wp-image-4286\" src=\"https:\/\/unser-quartier.de\/emsdeich-skulpturen\/files\/2019\/09\/logo_-300x89.jpg\" alt=\"Metallgestaltung Ebbert GmbH\" width=\"119\" height=\"35\" srcset=\"https:\/\/unser-quartier.de\/emsdeich-skulpturen\/files\/2019\/09\/logo_-300x89.jpg 300w, https:\/\/unser-quartier.de\/emsdeich-skulpturen\/files\/2019\/09\/logo_-150x44.jpg 150w, https:\/\/unser-quartier.de\/emsdeich-skulpturen\/files\/2019\/09\/logo_.jpg 576w\" sizes=\"auto, (max-width: 119px) 100vw, 119px\" \/><\/a><\/span><span style=\"font-family: arial, helvetica, sans-serif;font-size: 14pt\"> am Uhlenbrockweg 245 in M\u00fcnster <\/span><br \/>\n<span style=\"font-family: arial, helvetica, sans-serif;font-size: 14pt\">um die n\u00e4chste Skulptur f\u00fcr den EMSdeich anzusehen die dort auf dem Hof im Entstehen ist.<\/span><!--more--><br \/>\n<span style=\"font-family: arial, helvetica, sans-serif;font-size: 14pt\">Kurz gesagt, sehr imposant, \u00fcber 7 Meter hoch und \u00fcber 3 Tonnen schwer.<\/span><br \/>\n<span style=\"font-family: arial, helvetica, sans-serif;font-size: 14pt\">Hier einige Fotos<\/span><\/p>\n<div id='gallery-2' class='gallery galleryid-4285 gallery-columns-3 gallery-size-thumbnail'><figure class='gallery-item'>\n\t\t\t<div class='gallery-icon portrait'>\n\t\t\t\t<a href='https:\/\/unser-quartier.de\/emsdeich-skulpturen\/2019\/09\/richtfest-fuer-den-webstuhl\/webstuhl_1\/#main'><img loading=\"lazy\" decoding=\"async\" width=\"150\" height=\"488\" src=\"https:\/\/unser-quartier.de\/emsdeich-skulpturen\/files\/2019\/09\/WEBstuhl_1-150x488.jpg\" class=\"attachment-thumbnail size-thumbnail\" alt=\"\" aria-describedby=\"gallery-2-4288\" srcset=\"https:\/\/unser-quartier.de\/emsdeich-skulpturen\/files\/2019\/09\/WEBstuhl_1-150x488.jpg 150w, https:\/\/unser-quartier.de\/emsdeich-skulpturen\/files\/2019\/09\/WEBstuhl_1-300x976.jpg 300w, https:\/\/unser-quartier.de\/emsdeich-skulpturen\/files\/2019\/09\/WEBstuhl_1-315x1024.jpg 315w, https:\/\/unser-quartier.de\/emsdeich-skulpturen\/files\/2019\/09\/WEBstuhl_1.jpg 369w\" sizes=\"auto, (max-width: 150px) 100vw, 150px\" \/><\/a>\n\t\t\t<\/div>\n\t\t\t\t<figcaption class='wp-caption-text gallery-caption' id='gallery-2-4288'>\n\t\t\t\tDer WEBstuhl&#8230;\n\t\t\t\t<\/figcaption><\/figure><figure class='gallery-item'>\n\t\t\t<div class='gallery-icon portrait'>\n\t\t\t\t<a href='https:\/\/unser-quartier.de\/emsdeich-skulpturen\/2019\/09\/richtfest-fuer-den-webstuhl\/webstuhl_0\/#main'><img loading=\"lazy\" decoding=\"async\" width=\"150\" height=\"225\" src=\"https:\/\/unser-quartier.de\/emsdeich-skulpturen\/files\/2019\/09\/WEBstuhl_0-150x225.jpg\" class=\"attachment-thumbnail size-thumbnail\" alt=\"\" aria-describedby=\"gallery-2-4287\" srcset=\"https:\/\/unser-quartier.de\/emsdeich-skulpturen\/files\/2019\/09\/WEBstuhl_0-150x225.jpg 150w, https:\/\/unser-quartier.de\/emsdeich-skulpturen\/files\/2019\/09\/WEBstuhl_0-300x450.jpg 300w, https:\/\/unser-quartier.de\/emsdeich-skulpturen\/files\/2019\/09\/WEBstuhl_0-768x1152.jpg 768w, https:\/\/unser-quartier.de\/emsdeich-skulpturen\/files\/2019\/09\/WEBstuhl_0-683x1024.jpg 683w, https:\/\/unser-quartier.de\/emsdeich-skulpturen\/files\/2019\/09\/WEBstuhl_0.jpg 800w\" sizes=\"auto, (max-width: 150px) 100vw, 150px\" \/><\/a>\n\t\t\t<\/div>\n\t\t\t\t<figcaption class='wp-caption-text gallery-caption' id='gallery-2-4287'>\n\t\t\t\t..ragt in den Himmel\n\t\t\t\t<\/figcaption><\/figure><figure class='gallery-item'>\n\t\t\t<div class='gallery-icon portrait'>\n\t\t\t\t<a href='https:\/\/unser-quartier.de\/emsdeich-skulpturen\/2019\/09\/richtfest-fuer-den-webstuhl\/webstuhl_2\/#main'><img loading=\"lazy\" decoding=\"async\" width=\"150\" height=\"310\" src=\"https:\/\/unser-quartier.de\/emsdeich-skulpturen\/files\/2019\/09\/WEBstuhl_2-150x310.jpg\" class=\"attachment-thumbnail size-thumbnail\" alt=\"\" aria-describedby=\"gallery-2-4289\" srcset=\"https:\/\/unser-quartier.de\/emsdeich-skulpturen\/files\/2019\/09\/WEBstuhl_2-150x310.jpg 150w, https:\/\/unser-quartier.de\/emsdeich-skulpturen\/files\/2019\/09\/WEBstuhl_2-300x620.jpg 300w, https:\/\/unser-quartier.de\/emsdeich-skulpturen\/files\/2019\/09\/WEBstuhl_2-496x1024.jpg 496w, https:\/\/unser-quartier.de\/emsdeich-skulpturen\/files\/2019\/09\/WEBstuhl_2.jpg 581w\" sizes=\"auto, (max-width: 150px) 100vw, 150px\" \/><\/a>\n\t\t\t<\/div>\n\t\t\t\t<figcaption class='wp-caption-text gallery-caption' id='gallery-2-4289'>\n\t\t\t\tDie Handwerker mit dem Team\n\t\t\t\t<\/figcaption><\/figure><figure class='gallery-item'>\n\t\t\t<div class='gallery-icon portrait'>\n\t\t\t\t<a href='https:\/\/unser-quartier.de\/emsdeich-skulpturen\/2019\/09\/richtfest-fuer-den-webstuhl\/webstuhl_3\/#main'><img loading=\"lazy\" decoding=\"async\" width=\"150\" height=\"283\" src=\"https:\/\/unser-quartier.de\/emsdeich-skulpturen\/files\/2019\/09\/WEBstuhl_3-150x283.jpg\" class=\"attachment-thumbnail size-thumbnail\" alt=\"\" aria-describedby=\"gallery-2-4290\" srcset=\"https:\/\/unser-quartier.de\/emsdeich-skulpturen\/files\/2019\/09\/WEBstuhl_3-150x283.jpg 150w, https:\/\/unser-quartier.de\/emsdeich-skulpturen\/files\/2019\/09\/WEBstuhl_3-300x566.jpg 300w, https:\/\/unser-quartier.de\/emsdeich-skulpturen\/files\/2019\/09\/WEBstuhl_3-543x1024.jpg 543w, https:\/\/unser-quartier.de\/emsdeich-skulpturen\/files\/2019\/09\/WEBstuhl_3.jpg 636w\" sizes=\"auto, (max-width: 150px) 100vw, 150px\" \/><\/a>\n\t\t\t<\/div>\n\t\t\t\t<figcaption class='wp-caption-text gallery-caption' id='gallery-2-4290'>\n\t\t\t\t&#8230; mit Manfred Schl\u00fcter\n\t\t\t\t<\/figcaption><\/figure><figure class='gallery-item'>\n\t\t\t<div class='gallery-icon landscape'>\n\t\t\t\t<a href='https:\/\/unser-quartier.de\/emsdeich-skulpturen\/2019\/09\/richtfest-fuer-den-webstuhl\/webstuhl_4\/#main'><img loading=\"lazy\" decoding=\"async\" width=\"150\" height=\"100\" src=\"https:\/\/unser-quartier.de\/emsdeich-skulpturen\/files\/2019\/09\/WEBstuhl_4-150x100.jpg\" class=\"attachment-thumbnail size-thumbnail\" alt=\"\" aria-describedby=\"gallery-2-4291\" srcset=\"https:\/\/unser-quartier.de\/emsdeich-skulpturen\/files\/2019\/09\/WEBstuhl_4-150x100.jpg 150w, https:\/\/unser-quartier.de\/emsdeich-skulpturen\/files\/2019\/09\/WEBstuhl_4-300x200.jpg 300w, https:\/\/unser-quartier.de\/emsdeich-skulpturen\/files\/2019\/09\/WEBstuhl_4-768x512.jpg 768w, https:\/\/unser-quartier.de\/emsdeich-skulpturen\/files\/2019\/09\/WEBstuhl_4.jpg 1200w, https:\/\/unser-quartier.de\/emsdeich-skulpturen\/files\/2019\/09\/WEBstuhl_4-272x182.jpg 272w\" sizes=\"auto, (max-width: 150px) 100vw, 150px\" \/><\/a>\n\t\t\t<\/div>\n\t\t\t\t<figcaption class='wp-caption-text gallery-caption' id='gallery-2-4291'>\n\t\t\t\t&#8220;Sitzfl\u00e4che&#8221; von unten\n\t\t\t\t<\/figcaption><\/figure><figure class='gallery-item'>\n\t\t\t<div class='gallery-icon landscape'>\n\t\t\t\t<a href='https:\/\/unser-quartier.de\/emsdeich-skulpturen\/2019\/09\/richtfest-fuer-den-webstuhl\/webstuhl_5\/#main'><img loading=\"lazy\" decoding=\"async\" width=\"150\" height=\"100\" src=\"https:\/\/unser-quartier.de\/emsdeich-skulpturen\/files\/2019\/09\/WEBstuhl_5-150x100.jpg\" class=\"attachment-thumbnail size-thumbnail\" alt=\"\" aria-describedby=\"gallery-2-4292\" srcset=\"https:\/\/unser-quartier.de\/emsdeich-skulpturen\/files\/2019\/09\/WEBstuhl_5-150x100.jpg 150w, https:\/\/unser-quartier.de\/emsdeich-skulpturen\/files\/2019\/09\/WEBstuhl_5-300x200.jpg 300w, https:\/\/unser-quartier.de\/emsdeich-skulpturen\/files\/2019\/09\/WEBstuhl_5-768x512.jpg 768w, https:\/\/unser-quartier.de\/emsdeich-skulpturen\/files\/2019\/09\/WEBstuhl_5.jpg 1200w, https:\/\/unser-quartier.de\/emsdeich-skulpturen\/files\/2019\/09\/WEBstuhl_5-272x182.jpg 272w\" sizes=\"auto, (max-width: 150px) 100vw, 150px\" \/><\/a>\n\t\t\t<\/div>\n\t\t\t\t<figcaption class='wp-caption-text gallery-caption' id='gallery-2-4292'>\n\t\t\t\tder Blick nach oben\n\t\t\t\t<\/figcaption><\/figure><figure class='gallery-item'>\n\t\t\t<div class='gallery-icon landscape'>\n\t\t\t\t<a href='https:\/\/unser-quartier.de\/emsdeich-skulpturen\/2019\/09\/richtfest-fuer-den-webstuhl\/webstuhl_6\/#main'><img loading=\"lazy\" decoding=\"async\" width=\"150\" height=\"100\" src=\"https:\/\/unser-quartier.de\/emsdeich-skulpturen\/files\/2019\/09\/WEBstuhl_6-150x100.jpg\" class=\"attachment-thumbnail size-thumbnail\" alt=\"\" aria-describedby=\"gallery-2-4293\" srcset=\"https:\/\/unser-quartier.de\/emsdeich-skulpturen\/files\/2019\/09\/WEBstuhl_6-150x100.jpg 150w, https:\/\/unser-quartier.de\/emsdeich-skulpturen\/files\/2019\/09\/WEBstuhl_6-300x200.jpg 300w, https:\/\/unser-quartier.de\/emsdeich-skulpturen\/files\/2019\/09\/WEBstuhl_6-768x512.jpg 768w, https:\/\/unser-quartier.de\/emsdeich-skulpturen\/files\/2019\/09\/WEBstuhl_6.jpg 1200w, https:\/\/unser-quartier.de\/emsdeich-skulpturen\/files\/2019\/09\/WEBstuhl_6-272x182.jpg 272w\" sizes=\"auto, (max-width: 150px) 100vw, 150px\" \/><\/a>\n\t\t\t<\/div>\n\t\t\t\t<figcaption class='wp-caption-text gallery-caption' id='gallery-2-4293'>\n\t\t\t\tH\u00e4nde zum Himmel&#8230;\n\t\t\t\t<\/figcaption><\/figure>\n\t\t<\/div>\n\n","protected":false},"excerpt":{"rendered":"<p>Das Team war heute, zusammen mit dem K\u00fcnstler Manfred Schl\u00fcter aus Gladbeck bei Ludger Ebbert, am Uhlenbrockweg 245 in M\u00fcnster um die n\u00e4chste Skulptur f\u00fcr &#8230; <a title=\"Richtfest f\u00fcr den WEBstuhl\" class=\"read-more\" href=\"https:\/\/unser-quartier.de\/emsdeich-skulpturen\/2019\/09\/richtfest-fuer-den-webstuhl\/\" aria-label=\"Mehr Informationen \u00fcber Richtfest f\u00fcr den WEBstuhl\">weiterlesen &#8230;<\/a><\/p>\n","protected":false},"author":301,"featured_media":4294,"comment_status":"closed","ping_status":"closed","sticky":false,"template":"","format":"standard","meta":{"generate_page_header":"","footnotes":""},"categories":[201],"tags":[169,176,177],"class_list":["post-4285","post","type-post","status-publish","format-standard","has-post-thumbnail","hentry","category-beitraege","tag-emsdeich-skulpturen","tag-schlueter","tag-webstuhl","infinite-scroll-item","masonry-post","generate-columns","tablet-grid-50","mobile-grid-100","grid-parent","grid-50"],"_links":{"self":[{"href":"https:\/\/unser-quartier.de\/emsdeich-skulpturen\/wp-json\/wp\/v2\/posts\/4285","targetHints":{"allow":["GET"]}}],"collection":[{"href":"https:\/\/unser-quartier.de\/emsdeich-skulpturen\/wp-json\/wp\/v2\/posts"}],"about":[{"href":"https:\/\/unser-quartier.de\/emsdeich-skulpturen\/wp-json\/wp\/v2\/types\/post"}],"author":[{"embeddable":true,"href":"https:\/\/unser-quartier.de\/emsdeich-skulpturen\/wp-json\/wp\/v2\/users\/301"}],"replies":[{"embeddable":true,"href":"https:\/\/unser-quartier.de\/emsdeich-skulpturen\/wp-json\/wp\/v2\/comments?post=4285"}],"version-history":[{"count":0,"href":"https:\/\/unser-quartier.de\/emsdeich-skulpturen\/wp-json\/wp\/v2\/posts\/4285\/revisions"}],"wp:featuredmedia":[{"embeddable":true,"href":"https:\/\/unser-quartier.de\/emsdeich-skulpturen\/wp-json\/wp\/v2\/media\/4294"}],"wp:attachment":[{"href":"https:\/\/unser-quartier.de\/emsdeich-skulpturen\/wp-json\/wp\/v2\/media?parent=4285"}],"wp:term":[{"taxonomy":"category","embeddable":true,"href":"https:\/\/unser-quartier.de\/emsdeich-skulpturen\/wp-json\/wp\/v2\/categories?post=4285"},{"taxonomy":"post_tag","embeddable":true,"href":"https:\/\/unser-quartier.de\/emsdeich-skulpturen\/wp-json\/wp\/v2\/tags?post=4285"}],"curies":[{"name":"wp","href":"https:\/\/api.w.org\/{rel}","templated":true}]}}