{"id":4783,"date":"2023-08-03T12:32:31","date_gmt":"2023-08-03T10:32:31","guid":{"rendered":"https:\/\/unser-quartier.de\/emsdeich-skulpturen\/?p=4783"},"modified":"2023-08-03T12:32:31","modified_gmt":"2023-08-03T10:32:31","slug":"foerderverein-emsdeich-skulpturen-kauft-monolithen","status":"publish","type":"post","link":"https:\/\/unser-quartier.de\/emsdeich-skulpturen\/2023\/08\/foerderverein-emsdeich-skulpturen-kauft-monolithen\/","title":{"rendered":"F\u00f6rderverein Emsdeich-Skulpturen kauft Monolithen"},"content":{"rendered":"<header><strong><span style=\"font-family: arial, helvetica, sans-serif; font-size: 18pt;\">Ein immens gewichtiges Kunstwerk<\/span><\/strong><\/header>\n<div class=\"fp-article-heading__excerpt-wrapper\">\n<p class=\"fp-article-heading__excerpt\"><span style=\"font-family: arial, helvetica, sans-serif; font-size: 14pt;\">Die Kunst soll bekanntlich neue Blickwinkel er\u00f6ffnen. Im Falle des Monolithen, den die M\u00fcnsteranerin Sandra Silbernagel bearbeitet hat, stimmt das sogar im Wortsinn. Denn durch ein \u201eGuckloch\u201c werden sich schon sehr bald ganz neue Perspektiven auf die Grevener Ems ergeben. Erstmal muss das Unget\u00fcm dort aber hin.<\/span><\/p>\n<p class=\"fp-article-heading__excerpt\" style=\"text-align: right;\"><span style=\"font-family: arial, helvetica, sans-serif;\">Henning Tillmann<\/span><\/p>\n<div class=\"wp-block-image\">\n<figure id=\"attachment_4784\" aria-describedby=\"caption-attachment-4784\" style=\"width: 590px\" class=\"wp-caption aligncenter\"><a href=\"https:\/\/unser-quartier.de\/emsdeich-skulpturen\/files\/2023\/08\/55cd31c3-eed7-4964-b614-c00bce4540d4.jpg\"><img loading=\"lazy\" decoding=\"async\" class=\"wp-image-4784\" src=\"https:\/\/unser-quartier.de\/emsdeich-skulpturen\/files\/2023\/08\/55cd31c3-eed7-4964-b614-c00bce4540d4-300x169.jpg\" alt=\"Der Monolith \u201eEms View\u201c der M\u00fcnsteraner K\u00fcnstlerin Sandra Silbernagel wird demn\u00e4chst nicht mehr in den Rieselfeldern stehen, sondern an der Ems in Greven.  Foto: Sandra Silbernagel\" width=\"600\" height=\"338\" srcset=\"https:\/\/unser-quartier.de\/emsdeich-skulpturen\/files\/2023\/08\/55cd31c3-eed7-4964-b614-c00bce4540d4-300x169.jpg 300w, https:\/\/unser-quartier.de\/emsdeich-skulpturen\/files\/2023\/08\/55cd31c3-eed7-4964-b614-c00bce4540d4-150x84.jpg 150w, https:\/\/unser-quartier.de\/emsdeich-skulpturen\/files\/2023\/08\/55cd31c3-eed7-4964-b614-c00bce4540d4-768x432.jpg 768w, https:\/\/unser-quartier.de\/emsdeich-skulpturen\/files\/2023\/08\/55cd31c3-eed7-4964-b614-c00bce4540d4.jpg 1200w\" sizes=\"auto, (max-width: 600px) 100vw, 600px\" \/><\/a><figcaption id=\"caption-attachment-4784\" class=\"wp-caption-text\"><span style=\"font-family: arial, helvetica, sans-serif;\">Der Monolith \u201eEms View\u201c der M\u00fcnsteraner K\u00fcnstlerin Sandra Silbernagel wird demn\u00e4chst nicht mehr in den Rieselfeldern stehen, sondern an der Ems in Greven.\u00a0\u00a0\u00a0\u00a0\u00a0\u00a0\u00a0 Foto: Sandra Silbernagel<\/span><\/figcaption><\/figure>\n<p><span style=\"font-family: arial, helvetica, sans-serif; font-size: 14pt;\">Das wird wahrlich kein leichtes Unterfangen. Schlie\u00dflich wiegt der 2,40 Meter mal 2,80 Meter gro\u00dfe \u201eKiesel\u201c schlappe 19 Tonnen. Der Bohrkern noch einmal drei Tonnen. Damit ist schon klar: Ohne den Einsatz von schwerem Ger\u00e4t \u2013 Kran und Laster &#8211; geht nichts. Doch beides ist bereits organisiert.<\/span><\/p>\n<p style=\"text-align: right;\"><a href=\"https:\/\/www.muensterschezeitung.de\/lokales\/staedte\/greven\/ein-gewichtiges-kunstwerk-2800858\"><span style=\"font-family: arial, helvetica, sans-serif;\"><span style=\"font-size: 14pt;\">hier gehts weiter zum Originalartikel<\/span><\/span><\/a><span style=\"font-family: arial, helvetica, sans-serif;\"><span style=\"font-size: 14pt;\"> in der<\/span> <a href=\"https:\/\/www.muensterschezeitung.de\/lokales\/staedte\/greven\/ein-gewichtiges-kunstwerk-2800858\"><img loading=\"lazy\" decoding=\"async\" class=\"alignnone wp-image-4245\" src=\"https:\/\/unser-quartier.de\/emsdeich-skulpturen\/files\/2019\/04\/Logo_WN.png\" alt=\"WN Logo\" width=\"100\" height=\"44\" srcset=\"https:\/\/unser-quartier.de\/emsdeich-skulpturen\/files\/2019\/04\/Logo_WN.png 173w, https:\/\/unser-quartier.de\/emsdeich-skulpturen\/files\/2019\/04\/Logo_WN-150x66.png 150w\" sizes=\"auto, (max-width: 100px) 100vw, 100px\" \/><\/a><\/span><\/p>\n<p><span style=\"font-family: arial, helvetica, sans-serif; font-size: 14pt;\">oder hier <a href=\"https:\/\/unser-quartier.de\/emsdeich-skulpturen\/files\/2023\/08\/EMSview_MZ_03082023.pdf\">zum PDF der Seite<\/a><\/span><\/p>\n<\/div>\n<\/div>\n","protected":false},"excerpt":{"rendered":"<p>Ein immens gewichtiges Kunstwerk Die Kunst soll bekanntlich neue Blickwinkel er\u00f6ffnen. Im Falle des Monolithen, den die M\u00fcnsteranerin Sandra Silbernagel bearbeitet hat, stimmt das sogar &#8230; <a title=\"F\u00f6rderverein Emsdeich-Skulpturen kauft Monolithen\" class=\"read-more\" href=\"https:\/\/unser-quartier.de\/emsdeich-skulpturen\/2023\/08\/foerderverein-emsdeich-skulpturen-kauft-monolithen\/\" aria-label=\"Mehr Informationen \u00fcber F\u00f6rderverein Emsdeich-Skulpturen kauft Monolithen\">weiterlesen &#8230;<\/a><\/p>\n","protected":false},"author":301,"featured_media":4786,"comment_status":"closed","ping_status":"closed","sticky":false,"template":"","format":"standard","meta":{"generate_page_header":"","footnotes":""},"categories":[201,168],"tags":[],"class_list":["post-4783","post","type-post","status-publish","format-standard","has-post-thumbnail","hentry","category-beitraege","category-presseberichte","infinite-scroll-item","masonry-post","generate-columns","tablet-grid-50","mobile-grid-100","grid-parent","grid-50","resize-featured-image"],"_links":{"self":[{"href":"https:\/\/unser-quartier.de\/emsdeich-skulpturen\/wp-json\/wp\/v2\/posts\/4783","targetHints":{"allow":["GET"]}}],"collection":[{"href":"https:\/\/unser-quartier.de\/emsdeich-skulpturen\/wp-json\/wp\/v2\/posts"}],"about":[{"href":"https:\/\/unser-quartier.de\/emsdeich-skulpturen\/wp-json\/wp\/v2\/types\/post"}],"author":[{"embeddable":true,"href":"https:\/\/unser-quartier.de\/emsdeich-skulpturen\/wp-json\/wp\/v2\/users\/301"}],"replies":[{"embeddable":true,"href":"https:\/\/unser-quartier.de\/emsdeich-skulpturen\/wp-json\/wp\/v2\/comments?post=4783"}],"version-history":[{"count":1,"href":"https:\/\/unser-quartier.de\/emsdeich-skulpturen\/wp-json\/wp\/v2\/posts\/4783\/revisions"}],"predecessor-version":[{"id":4787,"href":"https:\/\/unser-quartier.de\/emsdeich-skulpturen\/wp-json\/wp\/v2\/posts\/4783\/revisions\/4787"}],"wp:featuredmedia":[{"embeddable":true,"href":"https:\/\/unser-quartier.de\/emsdeich-skulpturen\/wp-json\/wp\/v2\/media\/4786"}],"wp:attachment":[{"href":"https:\/\/unser-quartier.de\/emsdeich-skulpturen\/wp-json\/wp\/v2\/media?parent=4783"}],"wp:term":[{"taxonomy":"category","embeddable":true,"href":"https:\/\/unser-quartier.de\/emsdeich-skulpturen\/wp-json\/wp\/v2\/categories?post=4783"},{"taxonomy":"post_tag","embeddable":true,"href":"https:\/\/unser-quartier.de\/emsdeich-skulpturen\/wp-json\/wp\/v2\/tags?post=4783"}],"curies":[{"name":"wp","href":"https:\/\/api.w.org\/{rel}","templated":true}]}}