{"id":5766,"date":"2025-09-25T20:26:11","date_gmt":"2025-09-25T18:26:11","guid":{"rendered":"https:\/\/unser-quartier.de\/emsdeich-skulpturen\/?p=5766"},"modified":"2025-09-25T20:27:16","modified_gmt":"2025-09-25T18:27:16","slug":"neue-infotafeln-und-qr-codes-am-emsdeich","status":"publish","type":"post","link":"https:\/\/unser-quartier.de\/emsdeich-skulpturen\/2025\/09\/neue-infotafeln-und-qr-codes-am-emsdeich\/","title":{"rendered":"Neue Infotafeln und QR-Codes am Emsdeich"},"content":{"rendered":"<p><span style=\"font-family: arial, helvetica, sans-serif;\">In einer kleinen Einweihungsfeier am Deich wurden die neuen Tafeln und Schilder rund um die Emsdeichskulpturen vorgestellt. Jetzt tragen sie das neue Logo des Vereins und f\u00fcr jede Skulptur gibt es einen QR Code, was zur wesentlichen Verbesserung der Informationsm\u00f6glichkeiten f\u00fcr viele Kunstinteressierten vor Ort f\u00fchrt. <\/span><br \/>\n<span style=\"font-family: arial, helvetica, sans-serif;\">\u00dcber die QR-Codes kann auf die im Internet hinterlegten Informationen zu den Kunstwerken \u00fcber das Handy leicht zugegriffen werden. Ein wesentlicher Mehrwert f\u00fcr die Emsdeichskulpturen in Greven am Deich. <\/span><br \/>\n<span style=\"font-family: arial, helvetica, sans-serif;\">Damit stehen allen Betrachtern die zus\u00e4tzlichen Informationen \u00fcber das Kunstwerk, die K\u00fcnstlerin oder den K\u00fcnstler, sowie seine k\u00fcnstlerische Intention rund um die Uhr zur Verf\u00fcgung. <\/span><br \/>\n<span style=\"font-family: arial, helvetica, sans-serif;\">Durch das Sponsoring der Kreissparkasse Steinfurt konnte das schon l\u00e4nger geplante Projekt des F\u00f6rdervereins umgesetzt werden.<br \/>\n<\/span><span style=\"font-family: arial, helvetica, sans-serif;\">Hier der Originalartikel in der\u00a0 \u00a0 \u00a0 \u00a0 \u00a0 \u00a0 \u00a0 \u00a0 \u00a0 \u00a0<\/span><a href=\"https:\/\/unser-quartier.de\/emsdeich-skulpturen\/files\/2025\/09\/Grevener_Zeitung_18-09-2025_15.pdf\"><img loading=\"lazy\" decoding=\"async\" class=\"wpa-warning wpa-image-missing-alt alignnone wp-image-4245\" src=\"https:\/\/unser-quartier.de\/emsdeich-skulpturen\/files\/2019\/04\/Logo_WN.png\" alt=\"LOGO WN\" width=\"120\" height=\"53\" data-warning=\"Missing alt text\" srcset=\"https:\/\/unser-quartier.de\/emsdeich-skulpturen\/files\/2019\/04\/Logo_WN.png 173w, https:\/\/unser-quartier.de\/emsdeich-skulpturen\/files\/2019\/04\/Logo_WN-150x66.png 150w\" sizes=\"auto, (max-width: 120px) 100vw, 120px\" \/><\/a><\/p>\n<p><span style=\"font-family: arial, helvetica, sans-serif;\">Noch ein paar Fotos<\/span><\/p>\n<div id='gallery-2' class='gallery galleryid-5766 gallery-columns-3 gallery-size-thumbnail'><figure class='gallery-item'>\n\t\t\t<div class='gallery-icon landscape'>\n\t\t\t\t<a href='https:\/\/unser-quartier.de\/emsdeich-skulpturen\/files\/2025\/09\/Skulpturentafel_fertig-1.jpg'><img loading=\"lazy\" decoding=\"async\" width=\"150\" height=\"105\" src=\"https:\/\/unser-quartier.de\/emsdeich-skulpturen\/files\/2025\/09\/Skulpturentafel_fertig-1-150x105.jpg\" class=\"attachment-thumbnail size-thumbnail\" alt=\"\" aria-describedby=\"gallery-2-5770\" srcset=\"https:\/\/unser-quartier.de\/emsdeich-skulpturen\/files\/2025\/09\/Skulpturentafel_fertig-1-150x105.jpg 150w, https:\/\/unser-quartier.de\/emsdeich-skulpturen\/files\/2025\/09\/Skulpturentafel_fertig-1-300x210.jpg 300w, https:\/\/unser-quartier.de\/emsdeich-skulpturen\/files\/2025\/09\/Skulpturentafel_fertig-1-768x538.jpg 768w, https:\/\/unser-quartier.de\/emsdeich-skulpturen\/files\/2025\/09\/Skulpturentafel_fertig-1.jpg 1200w\" sizes=\"auto, (max-width: 150px) 100vw, 150px\" \/><\/a>\n\t\t\t<\/div>\n\t\t\t\t<figcaption class='wp-caption-text gallery-caption' id='gallery-2-5770'>\n\t\t\t\tNeue Infotafel\n\t\t\t\t<\/figcaption><\/figure><figure class='gallery-item'>\n\t\t\t<div class='gallery-icon landscape'>\n\t\t\t\t<a href='https:\/\/unser-quartier.de\/emsdeich-skulpturen\/files\/2025\/09\/IMG_20250911_110042760_HDR.jpg'><img loading=\"lazy\" decoding=\"async\" width=\"150\" height=\"113\" src=\"https:\/\/unser-quartier.de\/emsdeich-skulpturen\/files\/2025\/09\/IMG_20250911_110042760_HDR-150x113.jpg\" class=\"attachment-thumbnail size-thumbnail\" alt=\"\" aria-describedby=\"gallery-2-5768\" srcset=\"https:\/\/unser-quartier.de\/emsdeich-skulpturen\/files\/2025\/09\/IMG_20250911_110042760_HDR-150x113.jpg 150w, https:\/\/unser-quartier.de\/emsdeich-skulpturen\/files\/2025\/09\/IMG_20250911_110042760_HDR-300x225.jpg 300w, https:\/\/unser-quartier.de\/emsdeich-skulpturen\/files\/2025\/09\/IMG_20250911_110042760_HDR-768x576.jpg 768w, https:\/\/unser-quartier.de\/emsdeich-skulpturen\/files\/2025\/09\/IMG_20250911_110042760_HDR.jpg 1200w\" sizes=\"auto, (max-width: 150px) 100vw, 150px\" \/><\/a>\n\t\t\t<\/div>\n\t\t\t\t<figcaption class='wp-caption-text gallery-caption' id='gallery-2-5768'>\n\t\t\t\t\u00dcbergabe mit Sponsor\n\t\t\t\t<\/figcaption><\/figure><figure class='gallery-item'>\n\t\t\t<div class='gallery-icon landscape'>\n\t\t\t\t<a href='https:\/\/unser-quartier.de\/emsdeich-skulpturen\/files\/2025\/09\/IMG_20250911_110210576_HDR.jpg'><img loading=\"lazy\" decoding=\"async\" width=\"150\" height=\"113\" src=\"https:\/\/unser-quartier.de\/emsdeich-skulpturen\/files\/2025\/09\/IMG_20250911_110210576_HDR-150x113.jpg\" class=\"attachment-thumbnail size-thumbnail\" alt=\"\" aria-describedby=\"gallery-2-5769\" srcset=\"https:\/\/unser-quartier.de\/emsdeich-skulpturen\/files\/2025\/09\/IMG_20250911_110210576_HDR-150x113.jpg 150w, https:\/\/unser-quartier.de\/emsdeich-skulpturen\/files\/2025\/09\/IMG_20250911_110210576_HDR-300x225.jpg 300w, https:\/\/unser-quartier.de\/emsdeich-skulpturen\/files\/2025\/09\/IMG_20250911_110210576_HDR-768x576.jpg 768w, https:\/\/unser-quartier.de\/emsdeich-skulpturen\/files\/2025\/09\/IMG_20250911_110210576_HDR.jpg 1200w\" sizes=\"auto, (max-width: 150px) 100vw, 150px\" \/><\/a>\n\t\t\t<\/div>\n\t\t\t\t<figcaption class='wp-caption-text gallery-caption' id='gallery-2-5769'>\n\t\t\t\tSkulpturenschild\n\t\t\t\t<\/figcaption><\/figure>\n\t\t<\/div>\n\n<p>&nbsp;<\/p>\n","protected":false},"excerpt":{"rendered":"<p>In einer kleinen Einweihungsfeier am Deich wurden die neuen Tafeln und Schilder rund um die Emsdeichskulpturen vorgestellt. Jetzt tragen sie das neue Logo des Vereins &#8230; <a title=\"Neue Infotafeln und QR-Codes am Emsdeich\" class=\"read-more\" href=\"https:\/\/unser-quartier.de\/emsdeich-skulpturen\/2025\/09\/neue-infotafeln-und-qr-codes-am-emsdeich\/\" aria-label=\"Mehr Informationen \u00fcber Neue Infotafeln und QR-Codes am Emsdeich\">weiterlesen &#8230;<\/a><\/p>\n","protected":false},"author":301,"featured_media":5771,"comment_status":"closed","ping_status":"closed","sticky":false,"template":"","format":"standard","meta":{"generate_page_header":"","footnotes":""},"categories":[201,168],"tags":[],"class_list":["post-5766","post","type-post","status-publish","format-standard","has-post-thumbnail","hentry","category-beitraege","category-presseberichte","infinite-scroll-item","masonry-post","generate-columns","tablet-grid-50","mobile-grid-100","grid-parent","grid-50","resize-featured-image"],"_links":{"self":[{"href":"https:\/\/unser-quartier.de\/emsdeich-skulpturen\/wp-json\/wp\/v2\/posts\/5766","targetHints":{"allow":["GET"]}}],"collection":[{"href":"https:\/\/unser-quartier.de\/emsdeich-skulpturen\/wp-json\/wp\/v2\/posts"}],"about":[{"href":"https:\/\/unser-quartier.de\/emsdeich-skulpturen\/wp-json\/wp\/v2\/types\/post"}],"author":[{"embeddable":true,"href":"https:\/\/unser-quartier.de\/emsdeich-skulpturen\/wp-json\/wp\/v2\/users\/301"}],"replies":[{"embeddable":true,"href":"https:\/\/unser-quartier.de\/emsdeich-skulpturen\/wp-json\/wp\/v2\/comments?post=5766"}],"version-history":[{"count":2,"href":"https:\/\/unser-quartier.de\/emsdeich-skulpturen\/wp-json\/wp\/v2\/posts\/5766\/revisions"}],"predecessor-version":[{"id":5775,"href":"https:\/\/unser-quartier.de\/emsdeich-skulpturen\/wp-json\/wp\/v2\/posts\/5766\/revisions\/5775"}],"wp:featuredmedia":[{"embeddable":true,"href":"https:\/\/unser-quartier.de\/emsdeich-skulpturen\/wp-json\/wp\/v2\/media\/5771"}],"wp:attachment":[{"href":"https:\/\/unser-quartier.de\/emsdeich-skulpturen\/wp-json\/wp\/v2\/media?parent=5766"}],"wp:term":[{"taxonomy":"category","embeddable":true,"href":"https:\/\/unser-quartier.de\/emsdeich-skulpturen\/wp-json\/wp\/v2\/categories?post=5766"},{"taxonomy":"post_tag","embeddable":true,"href":"https:\/\/unser-quartier.de\/emsdeich-skulpturen\/wp-json\/wp\/v2\/tags?post=5766"}],"curies":[{"name":"wp","href":"https:\/\/api.w.org\/{rel}","templated":true}]}}