{"id":7746,"date":"2026-01-28T14:02:29","date_gmt":"2026-01-28T13:02:29","guid":{"rendered":"https:\/\/unser-quartier.de\/friedrichsfeld\/?p=7746"},"modified":"2026-01-28T14:13:08","modified_gmt":"2026-01-28T13:13:08","slug":"gruendung-des-neuen-kab-ortsverbandes-bernhard-letterhaus-friedrichsfeld-voerde","status":"publish","type":"post","link":"https:\/\/unser-quartier.de\/friedrichsfeld\/2026\/01\/gruendung-des-neuen-kab-ortsverbandes-bernhard-letterhaus-friedrichsfeld-voerde\/","title":{"rendered":"Gr\u00fcndung des neuen KAB Ortsverbandes Bernhard Letterhaus Friedrichsfeld-Voerde"},"content":{"rendered":"\n<p class=\"p1\"><span class=\"s1\">Am 25. Januar 2026 haben die KAB-Ortsvereine Friedrichsfeld und Voerde einen gemeinsamen neuen Ortsverband gegr\u00fcndet. Zu diesem besonderen Anlass waren die Mitglieder beider Vereine eingeladen.<\/span><!--more--><\/p>\n<p class=\"p1\"><span class=\"s1\">Der Tag begann mit einem feierlichen gemeinsamen Gottesdienst in der Kirche St. Paulus in Voerde. Im Anschluss trafen sich die Mitglieder im Maximilian-Kolbe-Haus in Friedrichsfeld. Dort beschlossen die beiden bisherigen Ortsvereine zun\u00e4chst in getrennten Versammlungen einstimmig ihren Zusammenschluss.<br><\/span><span class=\"s1\">Unter der Leitung des Di\u00f6zesansekret\u00e4rs der KAB, Hermann H\u00f6lscheidt, fand anschlie\u00dfend die offizielle Gr\u00fcndungsversammlung statt. Der neue Ortsverband tr\u00e4gt den Namen <\/span><span class=\"s2\">KAB Bernhard Letterhaus Friedrichsfeld-Voerde<\/span><span class=\"s1\">. Nach der Verabschiedung der Satzung wurde der Vorstand gew\u00e4hlt.<br><\/span><span class=\"s1\">Zum Vorsitzenden wurde J\u00fcrgen Berger gew\u00e4hlt. Stellvertretende Vorsitzende sind Michael Schulz, Dr. Ulrich Rudolphi und Heinz van de Velden. Diakon Martin Berendes \u00fcbernimmt das Amt des Pr\u00e4ses, Beate van de Velden wurde zur Kassiererin gew\u00e4hlt. Schriftf\u00fchrer ist Dietmar Berger. Die Frauen- und Familienarbeit wird k\u00fcnftig von Dorothe Soster und Annette Strauch verantwortet. Als Beisitzer wurden Bj\u00f6rn Berger, Markus Gehling und Michael Strauch gew\u00e4hlt. Zu Kassenpr\u00fcferinnen w\u00e4hlten die Mitglieder Barbara Rudolphi, Marion Reinholz und Stefanie Franken.<br><\/span><span style=\"font-size: revert;\">Alle Wahlen erfolgten einstimmig. Mit der erfolgreichen Gr\u00fcndung kann der neue Ortsverband nun seine Arbeit aufnehmen und das kirchliche sowie gesellschaftliche Leben in Friedrichsfeld und Voerde gemeinsam weiter gestalten.<\/span><\/p>\nngg_shortcode_0_placeholder\n<p>&nbsp;<\/p>\n","protected":false},"excerpt":{"rendered":"<p>Am 25. Januar 2026 haben die KAB-Ortsvereine Friedrichsfeld und Voerde einen gemeinsamen neuen Ortsverband gegr\u00fcndet. Zu diesem besonderen Anlass waren die Mitglieder beider Vereine eingeladen.<\/p>\n","protected":false},"author":305,"featured_media":7747,"comment_status":"closed","ping_status":"closed","sticky":false,"template":"","format":"standard","meta":{"ngg_post_thumbnail":0,"generate_page_header":"","footnotes":""},"categories":[32],"tags":[1423],"class_list":["post-7746","post","type-post","status-publish","format-standard","has-post-thumbnail","hentry","category-bildungsveranstaltung","tag-gruendung-des-neuen-kab-ortsverbandes-bernhard-letterhaus-friedrichsfeld-voerde"],"_links":{"self":[{"href":"https:\/\/unser-quartier.de\/friedrichsfeld\/wp-json\/wp\/v2\/posts\/7746","targetHints":{"allow":["GET"]}}],"collection":[{"href":"https:\/\/unser-quartier.de\/friedrichsfeld\/wp-json\/wp\/v2\/posts"}],"about":[{"href":"https:\/\/unser-quartier.de\/friedrichsfeld\/wp-json\/wp\/v2\/types\/post"}],"author":[{"embeddable":true,"href":"https:\/\/unser-quartier.de\/friedrichsfeld\/wp-json\/wp\/v2\/users\/305"}],"replies":[{"embeddable":true,"href":"https:\/\/unser-quartier.de\/friedrichsfeld\/wp-json\/wp\/v2\/comments?post=7746"}],"version-history":[{"count":3,"href":"https:\/\/unser-quartier.de\/friedrichsfeld\/wp-json\/wp\/v2\/posts\/7746\/revisions"}],"predecessor-version":[{"id":7751,"href":"https:\/\/unser-quartier.de\/friedrichsfeld\/wp-json\/wp\/v2\/posts\/7746\/revisions\/7751"}],"wp:featuredmedia":[{"embeddable":true,"href":"https:\/\/unser-quartier.de\/friedrichsfeld\/wp-json\/wp\/v2\/media\/7747"}],"wp:attachment":[{"href":"https:\/\/unser-quartier.de\/friedrichsfeld\/wp-json\/wp\/v2\/media?parent=7746"}],"wp:term":[{"taxonomy":"category","embeddable":true,"href":"https:\/\/unser-quartier.de\/friedrichsfeld\/wp-json\/wp\/v2\/categories?post=7746"},{"taxonomy":"post_tag","embeddable":true,"href":"https:\/\/unser-quartier.de\/friedrichsfeld\/wp-json\/wp\/v2\/tags?post=7746"}],"curies":[{"name":"wp","href":"https:\/\/api.w.org\/{rel}","templated":true}]}}