{"id":10853,"date":"2019-08-27T21:52:53","date_gmt":"2019-08-27T19:52:53","guid":{"rendered":"https:\/\/unser-quartier.de\/hagelkreuz\/?p=10853"},"modified":"2020-07-14T11:03:42","modified_gmt":"2020-07-14T11:03:42","slug":"sommerfest-der-generationen-bei-der-senioren-initiative","status":"publish","type":"post","link":"https:\/\/unser-quartier.de\/hagelkreuz\/2019\/08\/sommerfest-der-generationen-bei-der-senioren-initiative\/","title":{"rendered":"Sommerfest der Generationen bei der Senioren-Initiative"},"content":{"rendered":"<figure id=\"attachment_10927\" aria-describedby=\"caption-attachment-10927\" style=\"width: 290px\" class=\"wp-caption alignleft\"><a href=\"https:\/\/unser-quartier.de\/hagelkreuz\/img_20190817_2ad\/\" data-wpel-link=\"internal\"><img loading=\"lazy\" decoding=\"async\" class=\"size-medium wp-image-10927\" src=\"https:\/\/unser-quartier.de\/hagelkreuz\/files\/2019\/08\/IMG_20190817_2ad-300x225.jpg\" alt=\"Foto am Bierwagen vor der Senioren Initiative\" width=\"300\" height=\"225\" srcset=\"https:\/\/unser-quartier.de\/hagelkreuz\/files\/2019\/08\/IMG_20190817_2ad-300x225.jpg 300w, https:\/\/unser-quartier.de\/hagelkreuz\/files\/2019\/08\/IMG_20190817_2ad-150x113.jpg 150w, https:\/\/unser-quartier.de\/hagelkreuz\/files\/2019\/08\/IMG_20190817_2ad-768x576.jpg 768w, https:\/\/unser-quartier.de\/hagelkreuz\/files\/2019\/08\/IMG_20190817_2ad-1024x768.jpg 1024w, https:\/\/unser-quartier.de\/hagelkreuz\/files\/2019\/08\/IMG_20190817_2ad.jpg 1200w\" sizes=\"auto, (max-width: 300px) 100vw, 300px\" \/><\/a><figcaption id=\"caption-attachment-10927\" class=\"wp-caption-text\">Am Bierwagen konnte man die fr\u00fchen Regenschauer trocken \u00fcberstehen.<\/figcaption><\/figure>\n<p>Mit einem bunten Programm und dem Slogan: \u201eBringen Sie Freunde und ihre Familie mit\u201c, lud die Senioren-Initiative Altenhilfe Kempen e. V., am Samstagnachmittag, 17. August, Gro\u00df und Klein, Singles und Paare zum \u201eSommerfest der Generationen\u201c ins Haus Wiesengrund ein.<\/p>\n<p>Selbst kleine Regenschauer hielten die Kempener B\u00fcrgerinnen und B\u00fcrger nicht von ihrem Kommen ab. <!--more-->Sie gesellten sich drau\u00dfen entweder zu dem Bierwagen, an die netten Tischgruppen zum Kl\u00f6nen oder nahmen Innen das Angebot im Willy-Hartmann-Saal wahr.<\/p>\n<p>Fragen zu Fachgruppen, Fahrdienst, Saalmiete oder Reiseangebot: Unerm\u00fcdlich gab Udo Steinhauer an seinem Info-Pavillon Auskunft, verteilte Informationsmaterial und bot F\u00fchrungen durch das Haus Wiesengrund an. Am Ende hatte er erfreulicherweise sogar einige Neumitglieder gewonnen.<\/p>\n<p><strong>B\u00fchnenprogramm im Willy-Hartmann-Saal<\/strong><\/p>\n<p>Neben den Mitgliedern und Freunden der SI begr\u00fc\u00dfte die stellvertretende Vorsitzende Renate Schmitz auch etliche Ehrenamtler und Mitarbeiter des Vereins sowie sehr sehr viele G\u00e4ste. Der Willy-Hartmann-Saal war \u201erappel voll\u201c, als die Kinder der Narrenzunft mit einem schwungvollen Tanz die Veranstaltung er\u00f6ffneten. \u201eDie Landfrauen\u201c Inge und Elke brachten das Publikum zum Lachen. Die \u201eOriginal Kempener Show-Band 1982 e. V.\u201c zeigte ihr musikalisches K\u00f6nnen und gemeinsam mit dem \u201eFanfaren &amp; Majorettenkorps Blau-Wei\u00df Kempen 1959 e. V.\u201c wurde ein wunderbarer musikalischen Querschnitt bekannter Melodien dargeboten. Bis in die Abendstunden unterhielt DJ Manfred Lompa die Anwesenden auf seinem Keyboard mit flotter Tanzmusik und Gesang.<\/p>\n<p><strong>Leckereien &amp; gute Gespr\u00e4che<\/strong><\/p>\n<p>Herrlicher \u201eKaffeeduft\u201c verf\u00fchrte dazu, die reichhaltig angebotenen teilweise selbstgebackenen Kuchen zu probieren. Mit \u201eHimmlischen Eisbechern\u201c lockte das Serviceteam rund um Marion Dohmes (Leiterin der Begegnungsst\u00e4tte) in das Haus. K\u00fchle Getr\u00e4nke, wie ein sch\u00f6nes Glas Wein oder Sekt und andere Kaltgetr\u00e4nke gab es zu geringen Preisen. Und was w\u00e4re ein Sommerfest ohne Gegrilltes? Grillw\u00fcrstchen mit Br\u00f6tchen oder Kartoffelsalat sowie ein k\u00fchles Bier vom Fass waren drau\u00dfen der Renner.<\/p>\n<p><b>Einsatz der freiwilligen Feuerwehr<\/b><\/p>\n<p>W\u00e4hrend im Saal erz\u00e4hlt, geschunkelt und getanzt wurde, konnten Erwachsene und Kinder ab 15:00 Uhr mit einem Einsatzfahrzeug der Freiwilligen Feuerwehr Rundtouren durch Kempen genie\u00dfen und einen Einblick vom Fahrzeug und Dienst der Feuerwehr bekommen.<\/p>\n<p>Es war ein wundersch\u00f6ner Tag mit Information rund um die Senioren-Initiative und das Haus Wiesengrund, der durch nette Gespr\u00e4che, Tanzen, Lachen und reichhaltigem Verzehr allen viel Freude bereitet hatte &#8211; Herzlichen Dank daf\u00fcr! ad.<\/p>\n","protected":false},"excerpt":{"rendered":"<p>Mit einem bunten Programm und dem Slogan: \u201eBringen Sie Freunde und ihre Familie mit\u201c, lud die Senioren-Initiative Altenhilfe Kempen e. V., am Samstagnachmittag, 17. August, Gro\u00df und Klein, Singles und Paare zum \u201eSommerfest der Generationen\u201c ins Haus Wiesengrund ein. Selbst kleine Regenschauer hielten die Kempener B\u00fcrgerinnen und B\u00fcrger nicht von ihrem Kommen ab.<\/p>\n","protected":false},"author":407,"featured_media":10926,"comment_status":"closed","ping_status":"closed","sticky":false,"template":"","format":"standard","meta":{"generate_page_header":"","footnotes":""},"categories":[259,265],"tags":[],"class_list":["post-10853","post","type-post","status-publish","format-standard","has-post-thumbnail","hentry","category-freizeit-2","category-gemuetlichesbeisammensein"],"_links":{"self":[{"href":"https:\/\/unser-quartier.de\/hagelkreuz\/wp-json\/wp\/v2\/posts\/10853","targetHints":{"allow":["GET"]}}],"collection":[{"href":"https:\/\/unser-quartier.de\/hagelkreuz\/wp-json\/wp\/v2\/posts"}],"about":[{"href":"https:\/\/unser-quartier.de\/hagelkreuz\/wp-json\/wp\/v2\/types\/post"}],"author":[{"embeddable":true,"href":"https:\/\/unser-quartier.de\/hagelkreuz\/wp-json\/wp\/v2\/users\/407"}],"replies":[{"embeddable":true,"href":"https:\/\/unser-quartier.de\/hagelkreuz\/wp-json\/wp\/v2\/comments?post=10853"}],"version-history":[{"count":0,"href":"https:\/\/unser-quartier.de\/hagelkreuz\/wp-json\/wp\/v2\/posts\/10853\/revisions"}],"wp:featuredmedia":[{"embeddable":true,"href":"https:\/\/unser-quartier.de\/hagelkreuz\/wp-json\/wp\/v2\/media\/10926"}],"wp:attachment":[{"href":"https:\/\/unser-quartier.de\/hagelkreuz\/wp-json\/wp\/v2\/media?parent=10853"}],"wp:term":[{"taxonomy":"category","embeddable":true,"href":"https:\/\/unser-quartier.de\/hagelkreuz\/wp-json\/wp\/v2\/categories?post=10853"},{"taxonomy":"post_tag","embeddable":true,"href":"https:\/\/unser-quartier.de\/hagelkreuz\/wp-json\/wp\/v2\/tags?post=10853"}],"curies":[{"name":"wp","href":"https:\/\/api.w.org\/{rel}","templated":true}]}}