{"id":11381,"date":"2019-11-25T01:12:42","date_gmt":"2019-11-25T00:12:42","guid":{"rendered":"https:\/\/unser-quartier.de\/hagelkreuz\/?p=11381"},"modified":"2020-07-14T09:56:07","modified_gmt":"2020-07-14T09:56:07","slug":"reiseangebote-2020-der-senioren-initiative","status":"publish","type":"post","link":"https:\/\/unser-quartier.de\/hagelkreuz\/2019\/11\/reiseangebote-2020-der-senioren-initiative\/","title":{"rendered":"Reiseangebote 2020 der Senioren-Initiative"},"content":{"rendered":"<figure id=\"attachment_11375\" aria-describedby=\"caption-attachment-11375\" style=\"width: 290px\" class=\"wp-caption alignleft\"><a href=\"https:\/\/unser-quartier.de\/hagelkreuz\/files\/2019\/11\/DSC01878.jpg\" data-wpel-link=\"internal\"><img loading=\"lazy\" decoding=\"async\" class=\"wp-image-11375 size-medium\" src=\"https:\/\/unser-quartier.de\/hagelkreuz\/files\/2019\/11\/DSC01878-300x225.jpg\" alt=\"Foto von der Pr\u00e4sentation der Reisen im Willy-Hartmann-Saal\" width=\"300\" height=\"225\" srcset=\"https:\/\/unser-quartier.de\/hagelkreuz\/files\/2019\/11\/DSC01878-300x225.jpg 300w, https:\/\/unser-quartier.de\/hagelkreuz\/files\/2019\/11\/DSC01878-1024x768.jpg 1024w, https:\/\/unser-quartier.de\/hagelkreuz\/files\/2019\/11\/DSC01878-150x113.jpg 150w, https:\/\/unser-quartier.de\/hagelkreuz\/files\/2019\/11\/DSC01878-768x576.jpg 768w, https:\/\/unser-quartier.de\/hagelkreuz\/files\/2019\/11\/DSC01878.jpg 1200w\" sizes=\"auto, (max-width: 300px) 100vw, 300px\" \/><\/a><figcaption id=\"caption-attachment-11375\" class=\"wp-caption-text\">Pr\u00e4sentation der Reisen im Willy-Hartmann-Saal<\/figcaption><\/figure>\n<p>Es ist wie ein Wiedersehen mit Freunden: Jedes Jahr im Herbst stellen die ehrenamtlichen Reiseleiter und Begleiter der Senioren-Initiative das neue Reiseprogramm f\u00fcr das kommende Jahr mit vielen attraktiven Reiseideen vor. In gem\u00fctlicher Runde bei Kaffee und leckerem Kuchen hatte man Gelegenheit im Willy-Hartmann-Saal mit zahlreichen alten Reisebekanntschaften wieder ins Gespr\u00e4ch zu kommen, erfuhr nebenbei viele Neuigkeiten aus erster Hand und konnte sich das druckfrische, \u00fcbersichtliche und informative Reiseheft 2020 anschauen.<!--more--><\/p>\n<h3>Vorstellung des Jahresprogramms<\/h3>\n<p>Die Reiseleiter\/-innen und Organisatoren der Senioren-Initiative brachten den Zuschauern an diesem Tag die beliebten Mehrtagesreisen, Kultur-, Landschafts- und Erholungsreisen, in kurzweiligen Pr\u00e4sentationen n\u00e4her.<\/p>\n<p>Mit pers\u00f6nlicher Begeisterung f\u00fcr die Insel Borkum bietet Manfred Schenk f\u00fcr die erholsamen Borkumaufenthalte zwei Termine vom 2. bis 16. Mai und vom 3. bis 17. September 2020 an.<\/p>\n<p>Vier wundersch\u00f6ne Landschaftsreisen organisiert und begleitet im n\u00e4chsten Jahr Rose Terheiden. Sie startet mit einer Kulturreise vom 13. bis 15. M\u00e4rz 2020 mit Besuch der Ausstellung \u201eJavagold\u201c nach Mannheim sowie Fahrten nach Heidelberg und zur Ausstellung \u201eKaiser und Sultan\u201c in Karlsruhe. Ins Fichtelgebirge nach Bischofsgr\u00fcn geht es vom 7. bis 14. Juni und eine achtt\u00e4gige Tour f\u00fchrt ins Tal der Loire \u2013 dem Garten Frankreichs &#8211; am 27. September bis 4. Oktober. Zum Jahresende l\u00e4dt die Reisebegleiterin vom 26. bis 30.11. nach Bad Zwesten im Kellerwald, der Heimat der Gebr\u00fcder Grimm, zur \u201eM\u00e4rchenhaften Adventszeit\u201c ein.<\/p>\n<p>F\u00fcr eine erlebnisreiche Kulturreise nach Dresden vom 24. bis 31. Mai zeigte Irene Wistuba als Reisebegleitung viele m\u00f6gliche Programmpunkte auf.<\/p>\n<p>Aufgrund der guten Resonanz im vergangenen Jahr wird wieder eine Erholungsreise ohne Reisebegleitung vom 21. bis 28. Juni nach Gem\u00fcnd in die Eifel angeboten.<\/p>\n<h3>Sorgfalt bei Ziel &amp; Hotel f\u00fcr Senioren<\/h3>\n<p>Die Reiseleiter der Senioren-Initiative suchen seniorengerechte Unterk\u00fcnfte und Ausfl\u00fcge mit Sorgfalt aus, um den Mitreisenden ein zielgruppengerechtes Erlebnis zu bieten. Verlockende Reiseziele, abwechslungsreiche Umgebungen, faszinierende Sehensw\u00fcrdigkeiten, interessante Stadtf\u00fchrungen sowie viele kulturelle Angebote begeistern jedes Jahr viele Mitreisende. Selbstverst\u00e4ndlich stehen die Reiseleitungen auch zur individuellen Beratung bereit.<\/p>\n<h3>Vorstellung der Tagesreisen<\/h3>\n<p>Die Tagesreisen werden am Donnerstag, den 16. Januar 2020 um 15 Uhr, vorgestellt.<\/p>\n<p>N\u00e4here Informationen \u00fcber die Reisen, Hotels und Leistungen, die im Reisepreis enthalten sind sowie die Anmeldezeiten und Ansprechpartner sind im <a href=\"https:\/\/altenhilfe-kempen.de\/pdf\/Reiseheft.pdf\" class=\"mtli_attachment mtli_pdf ext-link wpel-icon-right\" data-wpel-link=\"external\" target=\"_self\" rel=\"nofollow external noopener noreferrer\" title=\"Externer Link: \">aktuellen Reiseheft<span class=\"wpel-icon wpel-image wpel-icon-6\"><\/span><\/a> zu finden. Es liegt zur Mitnahme in der Senioren-Initiative, Wiesenstra\u00dfe 59, 47906 Kempen und verschiedenen \u00f6ffentlichen Auslegestellen aus. Nat\u00fcrlich sind alle Informationen auch in der aktuellen Ausgabe des <a href=\"http:\/\/www.altenhilfe-kempen.de\/pdf\/SSP.pdf\" class=\"mtli_attachment mtli_pdf ext-link wpel-icon-right\" data-wpel-link=\"external\" target=\"_self\" rel=\"nofollow external noopener noreferrer\" title=\"Externer Link: \">\u201eSeniorenSpiegels\u201c<span class=\"wpel-icon wpel-image wpel-icon-6\"><\/span><\/a> sowie auf der Internetseite <a href=\"https:\/\/altenhilfe-kempen.de\/\" data-wpel-link=\"external\" target=\"_self\" rel=\"nofollow external noopener noreferrer\" title=\"Externer Link: \" class=\"ext-link wpel-icon-right\">www.si-kempen.de<span class=\"wpel-icon wpel-image wpel-icon-6\"><\/span><\/a> f\u00fcr Interessierte ver\u00f6ffentlicht.<\/p>\n<p>Die Reiseleiter und Organisatoren der SI freuen sich, auch Sie auf den vorgestellten Reisen zu begr\u00fc\u00dfen.<br \/>\nAnmeldungen zu den Reisen nehmen die Reiseleiter gerne an oder k\u00f6nnen entsprechend der Anmelderegularien aus dem Reiseheft 2020, an das B\u00fcro der Senioren-Initiative, Wiesenstra\u00dfe 59, 47906 Kempen, erfolgen. ad.<\/p>\n","protected":false},"excerpt":{"rendered":"<p>Es ist wie ein Wiedersehen mit Freunden: Jedes Jahr im Herbst stellen die ehrenamtlichen Reiseleiter und Begleiter der Senioren-Initiative das neue Reiseprogramm f\u00fcr das kommende Jahr mit vielen attraktiven Reiseideen vor. In gem\u00fctlicher Runde bei Kaffee und leckerem Kuchen hatte man Gelegenheit im Willy-Hartmann-Saal mit zahlreichen alten Reisebekanntschaften wieder ins Gespr\u00e4ch zu kommen, erfuhr nebenbei&hellip; <a class=\"continue\" href=\"https:\/\/unser-quartier.de\/hagelkreuz\/2019\/11\/reiseangebote-2020-der-senioren-initiative\/\" data-wpel-link=\"internal\"> \u00bb weiterlesen: <span> Reiseangebote 2020 der Senioren-Initiative<\/span><\/a><\/p>\n","protected":false},"author":407,"featured_media":11380,"comment_status":"closed","ping_status":"closed","sticky":false,"template":"","format":"standard","meta":{"generate_page_header":"","footnotes":""},"categories":[268,235],"tags":[151,192,191,193,190,114,113,189],"class_list":["post-11381","post","type-post","status-publish","format-standard","has-post-thumbnail","hentry","category-reisen-freizeit-2","category-veranstaltungshinweis","tag-ausfluege","tag-erholungsreise","tag-kulturreise","tag-landschaftsreisen","tag-mehrtagesreisen","tag-reisen","tag-senioren-initiative","tag-tagesreise"],"_links":{"self":[{"href":"https:\/\/unser-quartier.de\/hagelkreuz\/wp-json\/wp\/v2\/posts\/11381","targetHints":{"allow":["GET"]}}],"collection":[{"href":"https:\/\/unser-quartier.de\/hagelkreuz\/wp-json\/wp\/v2\/posts"}],"about":[{"href":"https:\/\/unser-quartier.de\/hagelkreuz\/wp-json\/wp\/v2\/types\/post"}],"author":[{"embeddable":true,"href":"https:\/\/unser-quartier.de\/hagelkreuz\/wp-json\/wp\/v2\/users\/407"}],"replies":[{"embeddable":true,"href":"https:\/\/unser-quartier.de\/hagelkreuz\/wp-json\/wp\/v2\/comments?post=11381"}],"version-history":[{"count":0,"href":"https:\/\/unser-quartier.de\/hagelkreuz\/wp-json\/wp\/v2\/posts\/11381\/revisions"}],"wp:featuredmedia":[{"embeddable":true,"href":"https:\/\/unser-quartier.de\/hagelkreuz\/wp-json\/wp\/v2\/media\/11380"}],"wp:attachment":[{"href":"https:\/\/unser-quartier.de\/hagelkreuz\/wp-json\/wp\/v2\/media?parent=11381"}],"wp:term":[{"taxonomy":"category","embeddable":true,"href":"https:\/\/unser-quartier.de\/hagelkreuz\/wp-json\/wp\/v2\/categories?post=11381"},{"taxonomy":"post_tag","embeddable":true,"href":"https:\/\/unser-quartier.de\/hagelkreuz\/wp-json\/wp\/v2\/tags?post=11381"}],"curies":[{"name":"wp","href":"https:\/\/api.w.org\/{rel}","templated":true}]}}