{"id":12270,"date":"2020-02-22T12:05:54","date_gmt":"2020-02-22T12:05:54","guid":{"rendered":"https:\/\/unser-quartier.de\/hagelkreuz\/?p=12270"},"modified":"2020-07-14T09:26:19","modified_gmt":"2020-07-14T09:26:19","slug":"musical-der-kleine-tag-begeistert-das-puplikum","status":"publish","type":"post","link":"https:\/\/unser-quartier.de\/hagelkreuz\/2020\/02\/musical-der-kleine-tag-begeistert-das-puplikum\/","title":{"rendered":"Musical &#8222;Der kleine Tag&#8220; begeistert das Publikum"},"content":{"rendered":"<figure id=\"attachment_12374\" aria-describedby=\"caption-attachment-12374\" style=\"width: 290px\" class=\"wp-caption alignleft\"><a href=\"https:\/\/unser-quartier.de\/hagelkreuz\/files\/2020\/02\/DSC02367.jpg\" data-wpel-link=\"internal\"><img loading=\"lazy\" decoding=\"async\" class=\"size-medium wp-image-12374\" src=\"https:\/\/unser-quartier.de\/hagelkreuz\/files\/2020\/02\/DSC02367-300x225.jpg\" alt=\"Foto von arbeitenden Chormitgliedern an ihren B\u00fchnenbildern zum Musical\" width=\"300\" height=\"225\" srcset=\"https:\/\/unser-quartier.de\/hagelkreuz\/files\/2020\/02\/DSC02367-300x225.jpg 300w, https:\/\/unser-quartier.de\/hagelkreuz\/files\/2020\/02\/DSC02367-1024x768.jpg 1024w, https:\/\/unser-quartier.de\/hagelkreuz\/files\/2020\/02\/DSC02367-150x113.jpg 150w, https:\/\/unser-quartier.de\/hagelkreuz\/files\/2020\/02\/DSC02367-768x576.jpg 768w, https:\/\/unser-quartier.de\/hagelkreuz\/files\/2020\/02\/DSC02367.jpg 1200w\" sizes=\"auto, (max-width: 300px) 100vw, 300px\" \/><\/a><figcaption id=\"caption-attachment-12374\" class=\"wp-caption-text\">Emsige Chormitglieder gestalten die passenden B\u00fchnenbilder zum Musical<\/figcaption><\/figure>\n<p><strong>25 Chormitglieder bringen beliebtes Musical auf die B\u00fchne<br \/>\n<\/strong><\/p>\n<p>Eine ganz besondere \u00dcberraschung haben ehemalige und aktuelle Chormitglieder f\u00fcr Christ-K\u00f6nig-K\u00fcster und Chorleiter Ralph H\u00f6vel zum 60. Geburtstag: Mit ganz viel Elan und Freude schl\u00fcpfen \u00fcber 25 Darsteller in verschiedene Rollen des Musicals \u201eDer kleine Tag &#8211; Auf dem Lichtstrahl zur Erde und zur\u00fcck\u201c, welches sie bereits 2002 und 2009 aufgef\u00fchrt haben.<\/p>\n<p><!--more-->Um das ideelle Geburtstagsgeschenk zur Auff\u00fchrung zu bringen, nehmen die Akteure gerne M\u00fchen und weite Anreisen in Kauf. Immense Vorbereitungen werden schon seit einigen Monaten getroffen. Erste Gesangs- und Schauspiel-Proben wurden im Pfarrheim Christ-K\u00f6nig absolviert. Die aufwendige Kulissengestaltung bekam am letzten Wochenende in der Halle des Gartenbaubetriebes van Soest ihren letzten Schliff. Plakate und Flyer sind verteilt und der Vorverkauf hat begonnen.<\/p>\n<p>Jetzt werden noch die letzten Kost\u00fcme fertiggestellt. Licht- und Ton-Techniker sowie das Live-Orchester bereiten sich auf den Auftritt vor. Dabei ist es nat\u00fcrlich hilfreich, dass das St\u00fcck schon in vergangenen Jahren gespielt wurde.<\/p>\n<p><strong>Die Geschichte:<\/strong><\/p>\n<p>\u201eHinter den Sternen, im funkelhellen Lichtreich, lebt ein kleiner Tag. Alle Tage leben dort als lebendige Lichtwesen, die nur einmal zur Erde reisen d\u00fcrfen. Am Abend kehren sie f\u00fcr immer ins Lichtreich zur\u00fcck. Jeder Tag ist einmalig, doch keiner von ihnen hat Einfluss darauf, was w\u00e4hrend seiner Erdenzeit geschieht. Der kleine Tag muss noch lange warten, bis er an der Reihe ist. Beeindruckt h\u00f6rt er zu, wenn andere von der Erde erz\u00e4hlen: Ruhmreiche Taten, Erfindungen, Katastrophen, historische Begebenheiten. Der kleine Tag ist \u00fcberzeugt, dass w\u00e4hrend seiner Erdenreise etwas ganz Besonderes geschehen wird, etwas, das ihn unvergesslich macht &#8230;\u201c, so im Musical-Buch und der Musik von Wolfram Eicke, Hans Niehaus und Rolf Zuckowski.<\/p>\n<p>Jugendchor und ehemalige S\u00e4ngerinnen und S\u00e4nger von St. Mariae Geburt, Kempen pr\u00e4sentieren dieses Musical am:<\/p>\n<p>Samstag, 7. M\u00e4rz 2020 um 18:30 Uhr und<br \/>\nSonntag, 8. M\u00e4rz 2020 um 15:00 Uhr<br \/>\njeweils in der Aula der Gesamtschule, Pestalozzistra\u00dfe, 47906 Kempen.<\/p>\n<p>Eintrittskarten: Erwachsene 7,50 \u20ac und Erm\u00e4\u00dfigt 5,00 \u20ac k\u00f6nnen bei den S\u00e4ngerinnen und S\u00e4ngern und nach den Gottesdiensten in der Sakristei von Christ-K\u00f6nig sowie im Pfarrb\u00fcro, Judenstra\u00dfe 14, zu den \u00d6ffnungszeiten erworben werden.\u00a0 ad<\/p>\n","protected":false},"excerpt":{"rendered":"<p>25 Chormitglieder bringen beliebtes Musical auf die B\u00fchne Eine ganz besondere \u00dcberraschung haben ehemalige und aktuelle Chormitglieder f\u00fcr Christ-K\u00f6nig-K\u00fcster und Chorleiter Ralph H\u00f6vel zum 60. Geburtstag: Mit ganz viel Elan und Freude schl\u00fcpfen \u00fcber 25 Darsteller in verschiedene Rollen des Musicals \u201eDer kleine Tag &#8211; Auf dem Lichtstrahl zur Erde und zur\u00fcck\u201c, welches sie bereits&hellip; <a class=\"continue\" href=\"https:\/\/unser-quartier.de\/hagelkreuz\/2020\/02\/musical-der-kleine-tag-begeistert-das-puplikum\/\" data-wpel-link=\"internal\"> \u00bb weiterlesen: <span> Musical &#8222;Der kleine Tag&#8220; begeistert das Publikum<\/span><\/a><\/p>\n","protected":false},"author":407,"featured_media":12348,"comment_status":"closed","ping_status":"closed","sticky":false,"template":"","format":"standard","meta":{"generate_page_header":"","footnotes":""},"categories":[277,235],"tags":[232,139,231,158,230,234,233],"class_list":["post-12270","post","type-post","status-publish","format-standard","has-post-thumbnail","hentry","category-kultur","category-veranstaltungshinweis","tag-chor","tag-christ-koenig","tag-der-kleine-tag","tag-konzert","tag-musical","tag-pfarrhaim","tag-st-marien"],"_links":{"self":[{"href":"https:\/\/unser-quartier.de\/hagelkreuz\/wp-json\/wp\/v2\/posts\/12270","targetHints":{"allow":["GET"]}}],"collection":[{"href":"https:\/\/unser-quartier.de\/hagelkreuz\/wp-json\/wp\/v2\/posts"}],"about":[{"href":"https:\/\/unser-quartier.de\/hagelkreuz\/wp-json\/wp\/v2\/types\/post"}],"author":[{"embeddable":true,"href":"https:\/\/unser-quartier.de\/hagelkreuz\/wp-json\/wp\/v2\/users\/407"}],"replies":[{"embeddable":true,"href":"https:\/\/unser-quartier.de\/hagelkreuz\/wp-json\/wp\/v2\/comments?post=12270"}],"version-history":[{"count":0,"href":"https:\/\/unser-quartier.de\/hagelkreuz\/wp-json\/wp\/v2\/posts\/12270\/revisions"}],"wp:featuredmedia":[{"embeddable":true,"href":"https:\/\/unser-quartier.de\/hagelkreuz\/wp-json\/wp\/v2\/media\/12348"}],"wp:attachment":[{"href":"https:\/\/unser-quartier.de\/hagelkreuz\/wp-json\/wp\/v2\/media?parent=12270"}],"wp:term":[{"taxonomy":"category","embeddable":true,"href":"https:\/\/unser-quartier.de\/hagelkreuz\/wp-json\/wp\/v2\/categories?post=12270"},{"taxonomy":"post_tag","embeddable":true,"href":"https:\/\/unser-quartier.de\/hagelkreuz\/wp-json\/wp\/v2\/tags?post=12270"}],"curies":[{"name":"wp","href":"https:\/\/api.w.org\/{rel}","templated":true}]}}