{"id":12428,"date":"2020-03-06T16:50:04","date_gmt":"2020-03-06T16:50:04","guid":{"rendered":"https:\/\/unser-quartier.de\/hagelkreuz\/?p=12428"},"modified":"2020-07-14T09:23:13","modified_gmt":"2020-07-14T09:23:13","slug":"der-lenz-wird-kommen-fruehjahrsputz-2020-im-quartier","status":"publish","type":"post","link":"https:\/\/unser-quartier.de\/hagelkreuz\/2020\/03\/der-lenz-wird-kommen-fruehjahrsputz-2020-im-quartier\/","title":{"rendered":"Der  Lenz wird kommen &#8211; Fr\u00fchjahrsputz 2020 im Quartier"},"content":{"rendered":"<figure id=\"attachment_12432\" aria-describedby=\"caption-attachment-12432\" style=\"width: 290px\" class=\"wp-caption alignleft\"><a href=\"https:\/\/unser-quartier.de\/hagelkreuz\/files\/2020\/02\/DSC00067.jpg\" data-wpel-link=\"internal\"><img loading=\"lazy\" decoding=\"async\" class=\"size-medium wp-image-12432\" src=\"https:\/\/unser-quartier.de\/hagelkreuz\/files\/2020\/02\/DSC00067-300x225.jpg\" alt=\"Foto M\u00fcllsammler\" width=\"300\" height=\"225\" srcset=\"https:\/\/unser-quartier.de\/hagelkreuz\/files\/2020\/02\/DSC00067-300x225.jpg 300w, https:\/\/unser-quartier.de\/hagelkreuz\/files\/2020\/02\/DSC00067-1024x768.jpg 1024w, https:\/\/unser-quartier.de\/hagelkreuz\/files\/2020\/02\/DSC00067-150x113.jpg 150w, https:\/\/unser-quartier.de\/hagelkreuz\/files\/2020\/02\/DSC00067-768x576.jpg 768w, https:\/\/unser-quartier.de\/hagelkreuz\/files\/2020\/02\/DSC00067.jpg 1200w\" sizes=\"auto, (max-width: 300px) 100vw, 300px\" \/><\/a><figcaption id=\"caption-attachment-12432\" class=\"wp-caption-text\">M\u00fcll gibts an jeder Ecke&#8230;<\/figcaption><\/figure>\n<p>M\u00fcll adieu! Am Samstag, 14. M\u00e4rz 2020, r\u00e4umen die Hagelkreuzer auf und werden ab 10 Uhr mit dem gemeinsamen Fr\u00fchjahrsputz des B\u00fcrgervereins auf Stra\u00dfen, Pl\u00e4tzen und Wegen rund ums Hagelkreuz mit M\u00fcllbeuteln unterwegs sein.<!--more--><\/p>\n<p>Im letzten Jahr sind in dem etwa einen Quadratkilometer gro\u00dfen Hagelkreuz sechs M\u00fcllt\u00fcten gesammelt und der Stadtreinigung \u00fcbergeben worden.<\/p>\n<p>Auch in diesem Jahr sind wieder unterschiedliche Gruppen auf Streifzug durch das Hagelkreuz. Gern darf jeder mitmachen ob Gro\u00df oder Klein und sich einer Gruppe anschlie\u00dfen: Treffpunkt ist an der Volksbank, Max-Planck-Stra\u00dfe 15c, 47906 Kempen. Handschuhe und Schubkarre stehen zur Verf\u00fcgung. Die Helfer starten in zwei oder mehr Gruppen und am Ende gegen 12 Uhr wartet eine hei\u00dfe Suppe zur Belohnung. rs<\/p>\n","protected":false},"excerpt":{"rendered":"<p>M\u00fcll adieu! Am Samstag, 14. M\u00e4rz 2020, r\u00e4umen die Hagelkreuzer auf und werden ab 10 Uhr mit dem gemeinsamen Fr\u00fchjahrsputz des B\u00fcrgervereins auf Stra\u00dfen, Pl\u00e4tzen und Wegen rund ums Hagelkreuz mit M\u00fcllbeuteln unterwegs sein.<\/p>\n","protected":false},"author":688,"featured_media":12431,"comment_status":"closed","ping_status":"closed","sticky":false,"template":"","format":"standard","meta":{"generate_page_header":"","footnotes":""},"categories":[274,38],"tags":[],"class_list":["post-12428","post","type-post","status-publish","format-standard","has-post-thumbnail","hentry","category-quartier","category-wohnen"],"_links":{"self":[{"href":"https:\/\/unser-quartier.de\/hagelkreuz\/wp-json\/wp\/v2\/posts\/12428","targetHints":{"allow":["GET"]}}],"collection":[{"href":"https:\/\/unser-quartier.de\/hagelkreuz\/wp-json\/wp\/v2\/posts"}],"about":[{"href":"https:\/\/unser-quartier.de\/hagelkreuz\/wp-json\/wp\/v2\/types\/post"}],"author":[{"embeddable":true,"href":"https:\/\/unser-quartier.de\/hagelkreuz\/wp-json\/wp\/v2\/users\/688"}],"replies":[{"embeddable":true,"href":"https:\/\/unser-quartier.de\/hagelkreuz\/wp-json\/wp\/v2\/comments?post=12428"}],"version-history":[{"count":0,"href":"https:\/\/unser-quartier.de\/hagelkreuz\/wp-json\/wp\/v2\/posts\/12428\/revisions"}],"wp:featuredmedia":[{"embeddable":true,"href":"https:\/\/unser-quartier.de\/hagelkreuz\/wp-json\/wp\/v2\/media\/12431"}],"wp:attachment":[{"href":"https:\/\/unser-quartier.de\/hagelkreuz\/wp-json\/wp\/v2\/media?parent=12428"}],"wp:term":[{"taxonomy":"category","embeddable":true,"href":"https:\/\/unser-quartier.de\/hagelkreuz\/wp-json\/wp\/v2\/categories?post=12428"},{"taxonomy":"post_tag","embeddable":true,"href":"https:\/\/unser-quartier.de\/hagelkreuz\/wp-json\/wp\/v2\/tags?post=12428"}],"curies":[{"name":"wp","href":"https:\/\/api.w.org\/{rel}","templated":true}]}}