{"id":12452,"date":"2020-03-17T08:21:35","date_gmt":"2020-03-17T08:21:35","guid":{"rendered":"https:\/\/unser-quartier.de\/hagelkreuz\/?p=12452"},"modified":"2020-07-14T09:18:42","modified_gmt":"2020-07-14T09:18:42","slug":"corona-virus-auswirkungen-im-quartier-hagelkreuz","status":"publish","type":"post","link":"https:\/\/unser-quartier.de\/hagelkreuz\/2020\/03\/corona-virus-auswirkungen-im-quartier-hagelkreuz\/","title":{"rendered":"Corona-Virus &#8211; Auswirkungen im Quartier Hagelkreuz"},"content":{"rendered":"<h3>Aktivit\u00e4ten abgesagt:<\/h3>\n<p>Bedauerlicherweise m\u00fcssen aufgrund des Corona-Viruses in Anlehnung an die Bekanntmachungen des Landes Nordrhein Westfalens und der Stadt Kempen bis zu den Osterferien einschlie\u00dflich Sonntag, 19. April 2020, alle \u00f6ffentlichen Veranstaltungen im Quartier abgesagt werden. <!--more--><\/p>\n<p>Das betrifft die Gruppentreffen<\/p>\n<ul>\n<li>der Fahrrad-Gruppe,<\/li>\n<li>das Kegeln,<\/li>\n<li>das Team rund um das Caf\u00e9 Wackelkontakt,<\/li>\n<li>die Wander-Gruppe,<\/li>\n<li>der offene Malkreis,<\/li>\n<li>die Tauschring-Veranstaltungen,<\/li>\n<li>die Senioren in Bewegung,<\/li>\n<li>s\u00e4mtliche Stammtische,<\/li>\n<li>die Sonntagsdiebe,<\/li>\n<li>den Info-Treff Smartphone und Tablets,<\/li>\n<li>die B\u00fccherannahme f\u00fcr die \u00f6ffentliche Schm\u00f6kerbude,<\/li>\n<li>die Treffen des Wohnprojektes \u201eQwiK\u201c im Quartiersb\u00fcro,<\/li>\n<li>das monatliche Treffen des Projektes Urban Gardening und<\/li>\n<li>der Oma-Opa-Service.<\/li>\n<\/ul>\n<p>\nBitte informieren Sie die betroffenen Teilnehmerinnen und Teilnehmer \u00fcber die abgesagten Veranstaltungen. Vielen Dank.<\/p>\n<h3>Die Stadt Kempen informiert:<\/h3>\n<p><a href=\"https:\/\/www.kempen.de\/de\/inhalt\/aktuelle-informationen-zum-corona-virus\/\" data-wpel-link=\"external\" target=\"_self\" rel=\"nofollow external noopener noreferrer\" title=\"Externer Link: \" class=\"ext-link wpel-icon-right\">Aktuelle Informationen zum Corona-Virus<span class=\"wpel-icon wpel-image wpel-icon-6\"><\/span><\/a><br \/>\n<a href=\"https:\/\/www.kempen.de\/de\/inhalt\/allgemeine-hinweise-zum-corona-virus\/\" data-wpel-link=\"external\" target=\"_self\" rel=\"nofollow external noopener noreferrer\" title=\"Externer Link: \" class=\"ext-link wpel-icon-right\">Allgemeine Hinweise zum Corona-Virus<span class=\"wpel-icon wpel-image wpel-icon-6\"><\/span><\/a><\/p>\n<p>\nDas Quartiersb\u00fcro ist telefonisch und per E-Mail f\u00fcr Fragen und Anregungen erreichbar. rs<\/p>\n<p>Stadt Kempen<br \/>\nQuartiersb\u00fcro Hagelkreuz<\/p>\n<p>Ingo Behr<\/p>\n<p>Tel: 0 21 52 \/ 42 01<br \/>\nE-Mail: ingo.behr@kempen.de<\/p>\n<p>&nbsp;<\/p>\n","protected":false},"excerpt":{"rendered":"<p>Aktivit\u00e4ten abgesagt: Bedauerlicherweise m\u00fcssen aufgrund des Corona-Viruses in Anlehnung an die Bekanntmachungen des Landes Nordrhein Westfalens und der Stadt Kempen bis zu den Osterferien einschlie\u00dflich Sonntag, 19. April 2020, alle \u00f6ffentlichen Veranstaltungen im Quartier abgesagt werden.<\/p>\n","protected":false},"author":688,"featured_media":12454,"comment_status":"closed","ping_status":"closed","sticky":false,"template":"","format":"standard","meta":{"generate_page_header":"","footnotes":""},"categories":[267,260,259,272,265,262,261,263,274,268,264,266],"tags":[],"class_list":["post-12452","post","type-post","status-publish","format-standard","has-post-thumbnail","hentry","category-ausfluege","category-fahrradfahren","category-freizeit-2","category-gaertnern","category-gemuetlichesbeisammensein","category-kegeln","category-mobileendgeraete","category-offenermalkreis","category-quartier","category-reisen-freizeit-2","category-seniorensport","category-wandern"],"_links":{"self":[{"href":"https:\/\/unser-quartier.de\/hagelkreuz\/wp-json\/wp\/v2\/posts\/12452","targetHints":{"allow":["GET"]}}],"collection":[{"href":"https:\/\/unser-quartier.de\/hagelkreuz\/wp-json\/wp\/v2\/posts"}],"about":[{"href":"https:\/\/unser-quartier.de\/hagelkreuz\/wp-json\/wp\/v2\/types\/post"}],"author":[{"embeddable":true,"href":"https:\/\/unser-quartier.de\/hagelkreuz\/wp-json\/wp\/v2\/users\/688"}],"replies":[{"embeddable":true,"href":"https:\/\/unser-quartier.de\/hagelkreuz\/wp-json\/wp\/v2\/comments?post=12452"}],"version-history":[{"count":0,"href":"https:\/\/unser-quartier.de\/hagelkreuz\/wp-json\/wp\/v2\/posts\/12452\/revisions"}],"wp:featuredmedia":[{"embeddable":true,"href":"https:\/\/unser-quartier.de\/hagelkreuz\/wp-json\/wp\/v2\/media\/12454"}],"wp:attachment":[{"href":"https:\/\/unser-quartier.de\/hagelkreuz\/wp-json\/wp\/v2\/media?parent=12452"}],"wp:term":[{"taxonomy":"category","embeddable":true,"href":"https:\/\/unser-quartier.de\/hagelkreuz\/wp-json\/wp\/v2\/categories?post=12452"},{"taxonomy":"post_tag","embeddable":true,"href":"https:\/\/unser-quartier.de\/hagelkreuz\/wp-json\/wp\/v2\/tags?post=12452"}],"curies":[{"name":"wp","href":"https:\/\/api.w.org\/{rel}","templated":true}]}}