{"id":12971,"date":"2020-07-18T12:50:00","date_gmt":"2020-07-18T12:50:00","guid":{"rendered":"https:\/\/unser-quartier.de\/hagelkreuz\/?p=12971"},"modified":"2020-07-23T16:28:15","modified_gmt":"2020-07-23T16:28:15","slug":"die-pensionierung-steht-vor-der-tuer-was-nun-herr-brandstaedt","status":"publish","type":"post","link":"https:\/\/unser-quartier.de\/hagelkreuz\/2020\/07\/die-pensionierung-steht-vor-der-tuer-was-nun-herr-brandstaedt\/","title":{"rendered":"Die Pensionierung steht vor der T\u00fcr &#8211; was nun Herr Brandstaedt?"},"content":{"rendered":"<figure style=\"width: 290px\" class=\"wp-caption alignleft\"><img loading=\"lazy\" decoding=\"async\" id=\"longdesc-return-12974\" class=\"size-medium wp-image-12974\" tabindex=\"-1\" src=\"https:\/\/unser-quartier.de\/hagelkreuz\/files\/2020\/07\/IMG_3881-300x300.jpeg\" alt=\"\" width=\"300\" height=\"300\" longdesc=\"https:\/\/unser-quartier.de\/hagelkreuz?longdesc=12974&amp;referrer=12971\" srcset=\"https:\/\/unser-quartier.de\/hagelkreuz\/files\/2020\/07\/IMG_3881-300x300.jpeg 300w, https:\/\/unser-quartier.de\/hagelkreuz\/files\/2020\/07\/IMG_3881-1024x1024.jpeg 1024w, https:\/\/unser-quartier.de\/hagelkreuz\/files\/2020\/07\/IMG_3881-150x150.jpeg 150w, https:\/\/unser-quartier.de\/hagelkreuz\/files\/2020\/07\/IMG_3881-768x768.jpeg 768w, https:\/\/unser-quartier.de\/hagelkreuz\/files\/2020\/07\/IMG_3881.jpeg 1200w\" sizes=\"auto, (max-width: 300px) 100vw, 300px\" \/><figcaption class=\"wp-caption-text\">Nur noch bis Ende des Jahres wird Uwe Brandstaedt bei der Stadt Kempen erreichbar sein.<\/figcaption><\/figure>\n<p>Uwe Brandstaedt ist bei der Stadt Kempen der Leiter des Amtes f\u00fcr Soziales und Senioren und wird Ende 2020 nach 46 Berufsjahren in den Ruhestand gehen. Wir haben den Wahl-Wachtendonker gefragt, welche Pl\u00e4ne und Erwartungen er mit seiner Pensionierung verbindet.<!--more--><\/p>\n<h3>Herr Brandstedt: Was bedeutet Ruhestand f\u00fcr Sie?<\/h3>\n<p>Ruhestand bedeutet f\u00fcr mich, dass ich mir meine Zeit frei einteilen kann und nur noch das tue, was mir wirklich Freude bereitet. Nat\u00fcrlich mache ich mir \u201efeste\u201c Termine, damit der Tag seine Struktur beh\u00e4lt, aber der Tag beginnt sp\u00e4ter und ohne Termindruck. Gem\u00fctlich fr\u00fchst\u00fccken und in Ruhe die Zeitung lesen, darauf freue ich mich sehr.<\/p>\n<h3>Wie f\u00fchlte es sich f\u00fcr Sie an, zu realisierten, dass Sie demn\u00e4chst Rentner sind?<\/h3>\n<p>Ich war 15 Jahre, als ich in Essen ins Berufsleben startete. Zun\u00e4chst war ich skeptisch; nicht, weil ich mir demn\u00e4chst die Arbeit fehlt, sondern weil ich wusste, dass ein Gro\u00dfteil meines Lebens hinter mir liegt. Diese Gedanken sind jedoch schnell verflogen und jetzt f\u00fchlt es sich gut an, in K\u00fcrze Pension\u00e4r zu sein. Ich hoffe, dass es eine lange Phase wird, die man Ruhestand nennt.<\/p>\n<h3>Ausstieg aus dem Berufsalltag &#8211; wie l\u00e4uft das bei Ihnen?<\/h3>\n<p>Gezielt vorbereitet habe ich mich nicht und nehme die Dinge, wie sie kommen. Ich freue mich darauf, etwas l\u00e4nger zu schlafen und dann sehe ich weiter. Meine Frau wird noch ein paar Jahre arbeiten. Also werde ich einkaufen und verschiedene Aufgaben in Wohnung und Garten \u00fcbernehmen. Nachmittags stelle ich mir vor, dass wir gemeinsam etwas unternehmen. Mit unseren zwei S\u00f6hnen und besonders mit dem Enkelkind m\u00f6chte ich mehr Zeit verbringen. Schauen wir mal, was die Zeit so zul\u00e4sst.<\/p>\n<h3>Das hei\u00dft, dass Sie keine W\u00fcnsche haben: Hatten Sie nie das Gef\u00fchl, etwas zu vermissen oder machen zu wollen?<\/h3>\n<p>Nat\u00fcrlich gibt es auch viele Dinge zu denen ich bisher nicht gekommen bin, aber ich habe nicht das Gef\u00fchl, etwas zu vermissen: Also muss ich auch nicht viel nachholen. Nat\u00fcrlich m\u00f6chte ich mir Dinge anschauen und reisen. Damit meine ich gar nicht die gro\u00dfen Reisen, sondern die n\u00e4here Umgebung. Gr\u00f6\u00dfere Reisen bedeutet f\u00fcr mich Europa. Au\u00dferdem macht mir Motorradfahren wirklich Spa\u00df und alles was man am, im und auf dem Wasser machen kann.<\/p>\n<h3>Haben Sie konkrete Vorstellungen, wie Sie fit und aktiv bleiben?<\/h3>\n<p>Ja, ich m\u00f6chte &#8211; mit wenig fester Bindung &#8211; mir mehr Bewegung verschaffen. W\u00e4hrend meiner Zeit im Amt, hatte ich schon mal das Gef\u00fchl zwischendurch eine gr\u00f6\u00dfere Runde stramm spazieren gehen zu wollen. Aber als Beamter wird man ja nicht f\u00fcr das Rumlaufen bezahlt! Das werde ich \u00e4ndern und mehr schwimmen, Gymnastik betreiben und Fahrrad fahren. Alles in einem angemessenen Rahmen und meinem Tempo. Mein Motto w\u00e4re: Nicht zu viel vornehmen. Erfreulicherweise gibt es bei uns in Wachtendonk jeden Tag sportliche und gesellige Angebote f\u00fcr Senioren und dort liegt auch mein soziales Umfeld.<\/p>\n<h3>K\u00f6nnen Sie anderen Menschen Empfehlungen geben?<\/h3>\n<p>Nur nicht h\u00e4ngen lassen! Ich finde meine Herangehensweise gut, vielleicht kann man das bisherige Hobby intensiver betreiben. F\u00fcr mich w\u00e4re es das Motorradfahren. Mich interessiert ganz viel, aber nichts wird wirklich zum ausschlie\u00dflichen Hobby. Deshalb habe ich eine gro\u00dfe Bandbreite an Bet\u00e4tigungsm\u00f6glichkeiten. Das muss jeder f\u00fcr sich entscheiden. Und auch das \u201eH\u00e4ngenlassen\u201c ist doch sch\u00f6n und macht hin und wieder Spa\u00df!<\/p>\n<p>Wir danken Ihnen. rs<\/p>\n","protected":false},"excerpt":{"rendered":"<p>Uwe Brandstaedt ist bei der Stadt Kempen der Leiter des Amtes f\u00fcr Soziales und Senioren und wird Ende 2020 nach 46 Berufsjahren in den Ruhestand gehen. Wir haben den Wahl-Wachtendonker gefragt, welche Pl\u00e4ne und Erwartungen er mit seiner Pensionierung verbindet.<\/p>\n","protected":false},"author":688,"featured_media":12984,"comment_status":"closed","ping_status":"closed","sticky":false,"template":"","format":"standard","meta":{"generate_page_header":"","footnotes":""},"categories":[271],"tags":[283,282,240],"class_list":["post-12971","post","type-post","status-publish","format-standard","has-post-thumbnail","hentry","category-ruhestand","tag-alter","tag-pensionierung","tag-rente"],"_links":{"self":[{"href":"https:\/\/unser-quartier.de\/hagelkreuz\/wp-json\/wp\/v2\/posts\/12971","targetHints":{"allow":["GET"]}}],"collection":[{"href":"https:\/\/unser-quartier.de\/hagelkreuz\/wp-json\/wp\/v2\/posts"}],"about":[{"href":"https:\/\/unser-quartier.de\/hagelkreuz\/wp-json\/wp\/v2\/types\/post"}],"author":[{"embeddable":true,"href":"https:\/\/unser-quartier.de\/hagelkreuz\/wp-json\/wp\/v2\/users\/688"}],"replies":[{"embeddable":true,"href":"https:\/\/unser-quartier.de\/hagelkreuz\/wp-json\/wp\/v2\/comments?post=12971"}],"version-history":[{"count":0,"href":"https:\/\/unser-quartier.de\/hagelkreuz\/wp-json\/wp\/v2\/posts\/12971\/revisions"}],"wp:featuredmedia":[{"embeddable":true,"href":"https:\/\/unser-quartier.de\/hagelkreuz\/wp-json\/wp\/v2\/media\/12984"}],"wp:attachment":[{"href":"https:\/\/unser-quartier.de\/hagelkreuz\/wp-json\/wp\/v2\/media?parent=12971"}],"wp:term":[{"taxonomy":"category","embeddable":true,"href":"https:\/\/unser-quartier.de\/hagelkreuz\/wp-json\/wp\/v2\/categories?post=12971"},{"taxonomy":"post_tag","embeddable":true,"href":"https:\/\/unser-quartier.de\/hagelkreuz\/wp-json\/wp\/v2\/tags?post=12971"}],"curies":[{"name":"wp","href":"https:\/\/api.w.org\/{rel}","templated":true}]}}