{"id":15433,"date":"2022-05-12T13:44:18","date_gmt":"2022-05-12T13:44:18","guid":{"rendered":"https:\/\/unser-quartier.de\/hagelkreuz\/?p=15433"},"modified":"2022-05-13T14:39:40","modified_gmt":"2022-05-13T14:39:40","slug":"spargel-und-mehr-edelgemuese-trifft-geniesser-auf-concordienmarkt","status":"publish","type":"post","link":"https:\/\/unser-quartier.de\/hagelkreuz\/2022\/05\/spargel-und-mehr-edelgemuese-trifft-geniesser-auf-concordienmarkt\/","title":{"rendered":"\u201eSpargel und Mehr\u2026\u201c: Edelgem\u00fcse trifft Genie\u00dfer auf Concordienmarkt"},"content":{"rendered":"<p style=\"font-weight: 400;\"><a href=\"https:\/\/unser-quartier.de\/hagelkreuz\/files\/2021\/11\/IMG_0952.jpg\" data-wpel-link=\"internal\"><img loading=\"lazy\" decoding=\"async\" class=\"alignleft size-medium wp-image-14692\" src=\"https:\/\/unser-quartier.de\/hagelkreuz\/files\/2021\/11\/IMG_0952-300x200.jpg\" alt=\"Foto Feinkost-Stand\" width=\"300\" height=\"200\" srcset=\"https:\/\/unser-quartier.de\/hagelkreuz\/files\/2021\/11\/IMG_0952-300x200.jpg 300w, https:\/\/unser-quartier.de\/hagelkreuz\/files\/2021\/11\/IMG_0952-1024x683.jpg 1024w, https:\/\/unser-quartier.de\/hagelkreuz\/files\/2021\/11\/IMG_0952-150x100.jpg 150w, https:\/\/unser-quartier.de\/hagelkreuz\/files\/2021\/11\/IMG_0952-768x512.jpg 768w, https:\/\/unser-quartier.de\/hagelkreuz\/files\/2021\/11\/IMG_0952-272x182.jpg 272w, https:\/\/unser-quartier.de\/hagelkreuz\/files\/2021\/11\/IMG_0952.jpg 1200w\" sizes=\"auto, (max-width: 300px) 100vw, 300px\" \/><\/a>Auf dem Eventmarkt am Donnerstag, 19. Mai 2020, treffen sich unter dem Motto \u201eSpargel und Mehr\u2026\u201c nicht nur die regionalen Anbieter rund um das heimische Edelgem\u00fcse, sondern auch viele Genie\u00dfer aus dem Hagelkreuz. Die Markst\u00e4nde \u00f6ffnen um 15 Uhr und bis 19 Uhr kocht der Kempener-Spargelkoch, Heinz Wilhelm Hirschmann, aus dem \u201eet kemp\u2019sche huus\u201c in seiner Show-K\u00fcche und gibt Tipps rund um das Kochen, D\u00fcnsten, Grillen und Braten von Spargel. <!--more--><\/p>\n<p style=\"font-weight: 400;\">Neben den Obst- und Gem\u00fcsest\u00e4nden sowie dem Fleisch- und Wurstangebot bietet der Eventmarkt noch Deftiges aus der Goulasch-Kanone, s\u00fc\u00dfe Cr\u00eapes, leckere orientalische Feinkost-Dips und Backwaren. Selbstverst\u00e4ndlich ist die Versorgung mit Getr\u00e4nken und musikalischer Unterhaltung gesichert, und es kann an Tischen und B\u00e4nken dem Marktgeschehen beigewohnt werden.<\/p>\n<p style=\"font-weight: 400;\">Auch die Welle Niederrhein will \u00fcber den Markt im Hagelkreuz und sein Angebot\u00a0berichten. Dabei wird sicher diskutiert, ob zu den Spargelstangen besser eine Sauce Hollandaise, Butter oder andere fettreiche Saucen passen.<\/p>\n<h3 style=\"font-weight: 400;\"><strong>Aktionsst\u00e4nde &amp; Informationen <\/strong><\/h3>\n<p style=\"font-weight: 400;\">Viele Informationen k\u00f6nnen die Marktbesucher \u00fcber die Senioreninitiative, die Quartiersentwicklung Kempen und die Arbeiterwohlfahrt sowie den B\u00fcrgerverein Kempen-Hagelkreuz e.V. erfahren. Auch die B\u00fccherei der Thomaskirche stellt sich mit einem Stand vor.<\/p>\n<h3 style=\"font-weight: 400;\"><strong>Ob gr\u00fcn oder wei\u00df: Anspruchsvoller Anbau<\/strong><\/h3>\n<p style=\"font-weight: 400;\">\u00dcbrigens wissen viele Verbraucher oft nicht, wie anspruchsvoll der Anbau von Spargel ist. So kann Spargel erst drei Jahren nach dem Anbau zum ersten Mal geerntet werden. Dann zwar rund 10 Jahre lang, aber die Zeit bis zur ersten Ernte ist Luxus, den man kaum einem anderen Gem\u00fcse zuerkennt. Die Ernte ist aufw\u00e4ndig und muss von Hand erfolgen; somit sind die Erntekosten hoch.<\/p>\n<h3 style=\"font-weight: 400;\"><strong>Der junge Trieb <\/strong><\/h3>\n<p style=\"font-weight: 400;\">Spargel bedeutet \u201ejunger Trieb\u201c und \u2013 w\u00fcrde man ihn nicht ernten \u2013 entwickeln sich aus ihm verzweigte St\u00e4ngel mit fiedrigen Bl\u00e4ttchen, kleinen gelben Bl\u00fcten und in Folge entwickeln sich scharlachrote, leicht giftige Beeren. Spargel gibt es in \u00fcber 200 Arten, essbar sind aber nur wenige. Dazu z\u00e4hlen der im Mittelmeerraum wildwachsende spitzbl\u00e4ttrige Spargel oder der bei uns bekannte Gem\u00fcsespargel, der von den alten R\u00f6mern kultiviert wurde.<\/p>\n<h3 style=\"font-weight: 400;\"><strong>Einst bittere Pflanze \u2013 heute leckeres Gem\u00fcse<\/strong><\/h3>\n<p style=\"font-weight: 400;\">Lange bevor Spargel als Delikatesse Anerkennung fand, wurde er als Heilpflanze gesch\u00e4tzt. In China, \u00c4gypten und Griechenland wurden wildwachsende Spargelarten vor Tausenden von Jahren bei Husten, Blasenproblemen und Geschw\u00fcren angewandt. Dabei wurden alle Pflanzenteile von den Wurzeln, aber auch die Sprossen, Bl\u00e4tter, Bl\u00fcten und Beeren verwendet.<\/p>\n<p style=\"font-weight: 400;\">Gem\u00fcsespargel wurde bis ins 19. Jahrhundert sogar noch \u00e4rztlich verschrieben, woran heute noch der lateinische Name \u201eAsparagus officinalis\u201c (arzneilicher Spargel) erinnert. Der in Indien heimische Asparagus racemosus wird als \u201eHeiler von hundert Krankheiten\u201c verehrt und kommt in der ayurvedischen Medizin bei Magengeschw\u00fcren und Nervenleiden zum Einsatz.<\/p>\n<h3 style=\"font-weight: 400;\"><strong>Kalorienarm und gesund<\/strong><\/h3>\n<p style=\"font-weight: 400;\">Spargel besteht zu 94 Prozent aus Wasser und z\u00e4hlt mit nur 18 Kilokalorien pro 100 Gramm zu den besonders kalorienarmen Gem\u00fcsearten. Der gesundheitliche Wert des Spargels wird von zahlreich vorhandenen Mikron\u00e4hrstoffen bestimmt. Dabei ist es erfreulich, dass im Spargel auch viele lebensnotwendige Vitamine stecken. rs<\/p>\n","protected":false},"excerpt":{"rendered":"<p>Auf dem Eventmarkt am Donnerstag, 19. Mai 2020, treffen sich unter dem Motto \u201eSpargel und Mehr\u2026\u201c nicht nur die regionalen Anbieter rund um das heimische Edelgem\u00fcse, sondern auch viele Genie\u00dfer aus dem Hagelkreuz. Die Markst\u00e4nde \u00f6ffnen um 15 Uhr und bis 19 Uhr kocht der Kempener-Spargelkoch, Heinz Wilhelm Hirschmann, aus dem \u201eet kemp\u2019sche huus\u201c in&hellip; <a class=\"continue\" href=\"https:\/\/unser-quartier.de\/hagelkreuz\/2022\/05\/spargel-und-mehr-edelgemuese-trifft-geniesser-auf-concordienmarkt\/\" data-wpel-link=\"internal\"> \u00bb weiterlesen: <span> \u201eSpargel und Mehr\u2026\u201c: Edelgem\u00fcse trifft Genie\u00dfer auf Concordienmarkt<\/span><\/a><\/p>\n","protected":false},"author":688,"featured_media":15438,"comment_status":"closed","ping_status":"closed","sticky":false,"template":"","format":"standard","meta":{"generate_page_header":"","footnotes":""},"categories":[55,265,237,274,235],"tags":[],"class_list":["post-15433","post","type-post","status-publish","format-standard","has-post-thumbnail","hentry","category-aktivitaeten-im-quartier","category-gemuetlichesbeisammensein","category-gewerbe-und-service","category-quartier","category-veranstaltungshinweis"],"_links":{"self":[{"href":"https:\/\/unser-quartier.de\/hagelkreuz\/wp-json\/wp\/v2\/posts\/15433","targetHints":{"allow":["GET"]}}],"collection":[{"href":"https:\/\/unser-quartier.de\/hagelkreuz\/wp-json\/wp\/v2\/posts"}],"about":[{"href":"https:\/\/unser-quartier.de\/hagelkreuz\/wp-json\/wp\/v2\/types\/post"}],"author":[{"embeddable":true,"href":"https:\/\/unser-quartier.de\/hagelkreuz\/wp-json\/wp\/v2\/users\/688"}],"replies":[{"embeddable":true,"href":"https:\/\/unser-quartier.de\/hagelkreuz\/wp-json\/wp\/v2\/comments?post=15433"}],"version-history":[{"count":0,"href":"https:\/\/unser-quartier.de\/hagelkreuz\/wp-json\/wp\/v2\/posts\/15433\/revisions"}],"wp:featuredmedia":[{"embeddable":true,"href":"https:\/\/unser-quartier.de\/hagelkreuz\/wp-json\/wp\/v2\/media\/15438"}],"wp:attachment":[{"href":"https:\/\/unser-quartier.de\/hagelkreuz\/wp-json\/wp\/v2\/media?parent=15433"}],"wp:term":[{"taxonomy":"category","embeddable":true,"href":"https:\/\/unser-quartier.de\/hagelkreuz\/wp-json\/wp\/v2\/categories?post=15433"},{"taxonomy":"post_tag","embeddable":true,"href":"https:\/\/unser-quartier.de\/hagelkreuz\/wp-json\/wp\/v2\/tags?post=15433"}],"curies":[{"name":"wp","href":"https:\/\/api.w.org\/{rel}","templated":true}]}}