{"id":15520,"date":"2022-06-07T12:04:00","date_gmt":"2022-06-07T12:04:00","guid":{"rendered":"https:\/\/unser-quartier.de\/hagelkreuz\/?p=15520"},"modified":"2022-08-17T14:14:06","modified_gmt":"2022-08-17T14:14:06","slug":"kleiner-schritt-mit-grosser-wirkung-bordstein-absenkung-briandstrasse-fertig","status":"publish","type":"post","link":"https:\/\/unser-quartier.de\/hagelkreuz\/2022\/06\/kleiner-schritt-mit-grosser-wirkung-bordstein-absenkung-briandstrasse-fertig\/","title":{"rendered":"Kleiner Schritt mit gro\u00dfer Wirkung: Bordstein-Absenkung Briandstra\u00dfe fertig"},"content":{"rendered":"<p><a href=\"https:\/\/unser-quartier.de\/hagelkreuz\/files\/2022\/06\/DeVeusterStr-B-e1654602330398.jpg\" data-wpel-link=\"internal\"><img loading=\"lazy\" decoding=\"async\" class=\"alignleft size-medium wp-image-15651\" src=\"https:\/\/unser-quartier.de\/hagelkreuz\/files\/2022\/06\/DeVeusterStr-B-e1654602330398-300x193.jpg\" alt=\"Foto de Veuster Str.\" width=\"300\" height=\"193\" srcset=\"https:\/\/unser-quartier.de\/hagelkreuz\/files\/2022\/06\/DeVeusterStr-B-e1654602330398-300x193.jpg 300w, https:\/\/unser-quartier.de\/hagelkreuz\/files\/2022\/06\/DeVeusterStr-B-e1654602330398-150x96.jpg 150w, https:\/\/unser-quartier.de\/hagelkreuz\/files\/2022\/06\/DeVeusterStr-B-e1654602330398-768x494.jpg 768w, https:\/\/unser-quartier.de\/hagelkreuz\/files\/2022\/06\/DeVeusterStr-B-e1654602330398.jpg 882w\" sizes=\"auto, (max-width: 300px) 100vw, 300px\" \/><\/a>Ob Rollstuhl, Rollator, Fahrrad oder Kinderwagen: Nun sind auf der Briandstra\u00dfe und der De Veuster-Str. die Bauma\u00dfnahme zur Absenkung des B\u00fcrgersteigs abgeschlossen. Die Fl\u00e4che ist rot gekennzeichnet, so dass die Autofahrer mit ihren Fahrzeugen die Zuwege zuk\u00fcnftig freihalten.<!--more--><\/p>\n<p>Mit dem letzten Kehren von Sand und Steinen ist der abgesenkte Bordstein daran zu erkennen, dass der B\u00fcrgersteig und die Bordsteinkante fast auf die H\u00f6he der Fahrbahn abgesenkt wurden. Somit k\u00f6nnen alle Verkehrsteilnehmer wie Rollstuhlfahrer und gehbehinderte Menschen leichter auf die Stra\u00dfe gelangen und diese \u00fcberqueren. Nat\u00fcrlich ist vor solchen <a href=\"https:\/\/www.bussgeldkatalog.de\/abgesenkter-bordstein\/\" data-wpel-link=\"external\" target=\"_self\" rel=\"nofollow external noopener noreferrer\" title=\"Externer Link: \" class=\"ext-link wpel-icon-right\">Bordsteinabsenkungen das Parken verboten<span class=\"wpel-icon wpel-image wpel-icon-6\"><\/span><\/a>.<\/p>\n<p>Der Wunsch f\u00fcr diese Bordsteinabsenkung wurde im Forum Hagelkreuz \u2013 das Format f\u00fcr B\u00fcrgerbeteiligung im Quartier &#8211; im September 2021 erneut thematisiert und nach einer Begehung gemeinsam mit dem B\u00fcrgerverein Hagelkreuz e.V., der Quartiersentwicklung und dem Ordnungs- und Tiefbauamt der Stadt Kempen im Herbst letzten Jahres in die Wege geleitet. \u00a0<\/p>\n<p>Das n\u00e4chste Forum Hagelkreuz findet am Montag, 22.08.2022, um 17 Uhr im Pfarrheim Christ-K\u00f6nig statt. Kommen Sie vorbei und \u00fcbermitteln Sie Ihre pers\u00f6nlichen Ideen und Gedanken; so k\u00f6nnen Sie bei der Gestaltung eines lebenswerten Hagelkreuzes helfen. rs<\/p>\n<div id=\"metaslider-id-15805\" style=\"width: 100%; margin: 0 auto;\" class=\"ml-slider-3-93-0 metaslider metaslider-nivo metaslider-15805 ml-slider ms-theme-default\" role=\"region\" aria-roledescription=\"Slideshow\" aria-label=\"B\u00fcrgersteigabsenkung\">\n    <div id=\"metaslider_container_15805\">\n        <div class='slider-wrapper theme-default'><div class='ribbon'><\/div><div id='metaslider_15805' class='nivoSlider'><img loading=\"lazy\" decoding=\"async\" src=\"https:\/\/unser-quartier.de\/hagelkreuz\/files\/2022\/06\/DSC01515-1000x700.jpg\" height=\"700\" width=\"1000\" title=\"Ortsbegehung\" alt=\"Foto Briandstr.\" class=\"slider-15805 slide-15807\" \/><img loading=\"lazy\" decoding=\"async\" src=\"https:\/\/unser-quartier.de\/hagelkreuz\/files\/2022\/06\/Briand-1000x700.jpg\" height=\"700\" width=\"1000\" title=\"Ortsbegehung\" alt=\"Foto Briandstr.\" class=\"slider-15805 slide-15809\" \/><\/div><\/div>\n        \n    <\/div>\n<\/div>\n<p>&nbsp;<\/p>\n<p>&nbsp;<\/p>\n","protected":false},"excerpt":{"rendered":"<p>Ob Rollstuhl, Rollator, Fahrrad oder Kinderwagen: Nun sind auf der Briandstra\u00dfe und der De Veuster-Str. die Bauma\u00dfnahme zur Absenkung des B\u00fcrgersteigs abgeschlossen. Die Fl\u00e4che ist rot gekennzeichnet, so dass die Autofahrer mit ihren Fahrzeugen die Zuwege zuk\u00fcnftig freihalten.<\/p>\n","protected":false},"author":688,"featured_media":15655,"comment_status":"closed","ping_status":"closed","sticky":false,"template":"","format":"standard","meta":{"generate_page_header":"","footnotes":""},"categories":[55,274],"tags":[],"class_list":["post-15520","post","type-post","status-publish","format-standard","has-post-thumbnail","hentry","category-aktivitaeten-im-quartier","category-quartier"],"_links":{"self":[{"href":"https:\/\/unser-quartier.de\/hagelkreuz\/wp-json\/wp\/v2\/posts\/15520","targetHints":{"allow":["GET"]}}],"collection":[{"href":"https:\/\/unser-quartier.de\/hagelkreuz\/wp-json\/wp\/v2\/posts"}],"about":[{"href":"https:\/\/unser-quartier.de\/hagelkreuz\/wp-json\/wp\/v2\/types\/post"}],"author":[{"embeddable":true,"href":"https:\/\/unser-quartier.de\/hagelkreuz\/wp-json\/wp\/v2\/users\/688"}],"replies":[{"embeddable":true,"href":"https:\/\/unser-quartier.de\/hagelkreuz\/wp-json\/wp\/v2\/comments?post=15520"}],"version-history":[{"count":0,"href":"https:\/\/unser-quartier.de\/hagelkreuz\/wp-json\/wp\/v2\/posts\/15520\/revisions"}],"wp:featuredmedia":[{"embeddable":true,"href":"https:\/\/unser-quartier.de\/hagelkreuz\/wp-json\/wp\/v2\/media\/15655"}],"wp:attachment":[{"href":"https:\/\/unser-quartier.de\/hagelkreuz\/wp-json\/wp\/v2\/media?parent=15520"}],"wp:term":[{"taxonomy":"category","embeddable":true,"href":"https:\/\/unser-quartier.de\/hagelkreuz\/wp-json\/wp\/v2\/categories?post=15520"},{"taxonomy":"post_tag","embeddable":true,"href":"https:\/\/unser-quartier.de\/hagelkreuz\/wp-json\/wp\/v2\/tags?post=15520"}],"curies":[{"name":"wp","href":"https:\/\/api.w.org\/{rel}","templated":true}]}}