{"id":15605,"date":"2022-05-30T07:18:56","date_gmt":"2022-05-30T07:18:56","guid":{"rendered":"https:\/\/unser-quartier.de\/hagelkreuz\/?p=15605"},"modified":"2022-05-30T08:17:48","modified_gmt":"2022-05-30T08:17:48","slug":"hurra-buergerfest-2022-auf-dem-concordienplatz-findet-statt","status":"publish","type":"post","link":"https:\/\/unser-quartier.de\/hagelkreuz\/2022\/05\/hurra-buergerfest-2022-auf-dem-concordienplatz-findet-statt\/","title":{"rendered":"Hurra: B\u00fcrgerfest 2022 auf dem Concordienplatz findet statt!"},"content":{"rendered":"<p><a href=\"https:\/\/unser-quartier.de\/hagelkreuz\/files\/2019\/06\/IMG_1207.jpg\" data-wpel-link=\"internal\"><img loading=\"lazy\" decoding=\"async\" class=\"alignleft wp-image-10611 size-medium\" src=\"https:\/\/unser-quartier.de\/hagelkreuz\/files\/2019\/06\/IMG_1207-300x200.jpg\" alt=\"Foto: gut besuchter Concordienplatz\" width=\"300\" height=\"200\" srcset=\"https:\/\/unser-quartier.de\/hagelkreuz\/files\/2019\/06\/IMG_1207-300x200.jpg 300w, https:\/\/unser-quartier.de\/hagelkreuz\/files\/2019\/06\/IMG_1207-150x100.jpg 150w, https:\/\/unser-quartier.de\/hagelkreuz\/files\/2019\/06\/IMG_1207-768x512.jpg 768w, https:\/\/unser-quartier.de\/hagelkreuz\/files\/2019\/06\/IMG_1207-1024x683.jpg 1024w, https:\/\/unser-quartier.de\/hagelkreuz\/files\/2019\/06\/IMG_1207-600x400.jpg 600w, https:\/\/unser-quartier.de\/hagelkreuz\/files\/2019\/06\/IMG_1207-272x182.jpg 272w, https:\/\/unser-quartier.de\/hagelkreuz\/files\/2019\/06\/IMG_1207.jpg 1200w\" sizes=\"auto, (max-width: 300px) 100vw, 300px\" \/><\/a><\/p>\n<p>Endlich &#8211; nach zwei Jahren Corona-Pause &#8211; l\u00e4dt der B\u00fcrgerverein Kempen-Hagelkreuz e.V. am Samstag, 4. Juni 2022, ab 14 Uhr zum gesch\u00e4tzten B\u00fcrgerfest auf dem Concordienplatz ein.<!--more--><\/p>\n<p>Mit einer Er\u00f6ffnung durch den stellvertretenden Kempener B\u00fcrgermeister Hans-Peter van der Bloemen erh\u00e4lt das beliebte Fest um 14 Uhr seinen offiziellen Anstrich und schon gleich k\u00f6nnen die Kleinsten ab 14.15 Uhr beim gro\u00dfen Kinderfest jauchzen, toben und spielen. \u00a0<\/p>\n<p>Alle Besucher sind herzlich eingeladen dem bunten B\u00fchnenprogramm mit der Tanzgruppe der \u201eNarrenzunft\u00a0St.\u00a0Hubert\u201c und den \u201eWiesentrommlern\u201c der Senioreninitiative Kempen\u00a0beizuwohnen. Und damit es gem\u00fctlich wird, ist f\u00fcr Kaffee, Kuchen und Getr\u00e4nke gesorgt; selbstverst\u00e4ndlich ist zur St\u00e4rkung auch leckeres vom Grill im Angebot.<\/p>\n<p>Die schwungvolle Band \u201eJoekskapel\u201c aus den Niederlanden rockt ab 18 Uhr den Platz und wird um 20 Uhr von der Melodic Rock Cover Band \u201eSixtream\u201c vom Niederrhein abgel\u00f6st. Songs von den 1960ern bis heute und der mehrstimmige Gesang der Band versprechen bis sp\u00e4t in Abend hinein ein tolles Fest.<\/p>\n<p>Alles, was den Hagelkreuzern und Kempenern zu tun bliebt, ist einfaches Vorbeikommen! rs<\/p>\n<p>&nbsp;<\/p>\n<p>&nbsp;<\/p>\n<p>&nbsp;<\/p>\n<p>&nbsp;<\/p>\n","protected":false},"excerpt":{"rendered":"<p>Endlich &#8211; nach zwei Jahren Corona-Pause &#8211; l\u00e4dt der B\u00fcrgerverein Kempen-Hagelkreuz e.V. am Samstag, 4. Juni 2022, ab 14 Uhr zum gesch\u00e4tzten B\u00fcrgerfest auf dem Concordienplatz ein.<\/p>\n","protected":false},"author":688,"featured_media":15607,"comment_status":"closed","ping_status":"closed","sticky":false,"template":"","format":"standard","meta":{"generate_page_header":"","footnotes":""},"categories":[55],"tags":[],"class_list":["post-15605","post","type-post","status-publish","format-standard","has-post-thumbnail","hentry","category-aktivitaeten-im-quartier"],"_links":{"self":[{"href":"https:\/\/unser-quartier.de\/hagelkreuz\/wp-json\/wp\/v2\/posts\/15605","targetHints":{"allow":["GET"]}}],"collection":[{"href":"https:\/\/unser-quartier.de\/hagelkreuz\/wp-json\/wp\/v2\/posts"}],"about":[{"href":"https:\/\/unser-quartier.de\/hagelkreuz\/wp-json\/wp\/v2\/types\/post"}],"author":[{"embeddable":true,"href":"https:\/\/unser-quartier.de\/hagelkreuz\/wp-json\/wp\/v2\/users\/688"}],"replies":[{"embeddable":true,"href":"https:\/\/unser-quartier.de\/hagelkreuz\/wp-json\/wp\/v2\/comments?post=15605"}],"version-history":[{"count":0,"href":"https:\/\/unser-quartier.de\/hagelkreuz\/wp-json\/wp\/v2\/posts\/15605\/revisions"}],"wp:featuredmedia":[{"embeddable":true,"href":"https:\/\/unser-quartier.de\/hagelkreuz\/wp-json\/wp\/v2\/media\/15607"}],"wp:attachment":[{"href":"https:\/\/unser-quartier.de\/hagelkreuz\/wp-json\/wp\/v2\/media?parent=15605"}],"wp:term":[{"taxonomy":"category","embeddable":true,"href":"https:\/\/unser-quartier.de\/hagelkreuz\/wp-json\/wp\/v2\/categories?post=15605"},{"taxonomy":"post_tag","embeddable":true,"href":"https:\/\/unser-quartier.de\/hagelkreuz\/wp-json\/wp\/v2\/tags?post=15605"}],"curies":[{"name":"wp","href":"https:\/\/api.w.org\/{rel}","templated":true}]}}