{"id":16908,"date":"2023-02-21T16:30:09","date_gmt":"2023-02-21T16:30:09","guid":{"rendered":"https:\/\/unser-quartier.de\/hagelkreuz\/?p=16908"},"modified":"2023-02-22T10:41:41","modified_gmt":"2023-02-22T10:41:41","slug":"immer-wieder-sonntags-aktiv-im-hagelkreuz-sein","status":"publish","type":"post","link":"https:\/\/unser-quartier.de\/hagelkreuz\/2023\/02\/immer-wieder-sonntags-aktiv-im-hagelkreuz-sein\/","title":{"rendered":"Immer wieder sonntags &#8230; \u201eAktiv im Hagelkreuz\u201c &#8230; sein"},"content":{"rendered":"<p style=\"font-weight: 400;\"><a href=\"https:\/\/unser-quartier.de\/hagelkreuz\/files\/2021\/12\/IMG_20210701_163426-e1640099635197.jpg\" data-wpel-link=\"internal\"><img loading=\"lazy\" decoding=\"async\" class=\"alignleft size-medium wp-image-14753\" src=\"https:\/\/unser-quartier.de\/hagelkreuz\/files\/2021\/12\/IMG_20210701_163426-e1640099635197-300x332.jpg\" alt=\"Protr\u00e4t Monika B\u00fcskens\" width=\"300\" height=\"332\" srcset=\"https:\/\/unser-quartier.de\/hagelkreuz\/files\/2021\/12\/IMG_20210701_163426-e1640099635197-300x332.jpg 300w, https:\/\/unser-quartier.de\/hagelkreuz\/files\/2021\/12\/IMG_20210701_163426-e1640099635197-150x166.jpg 150w, https:\/\/unser-quartier.de\/hagelkreuz\/files\/2021\/12\/IMG_20210701_163426-e1640099635197.jpg 336w\" sizes=\"auto, (max-width: 300px) 100vw, 300px\" \/><\/a>Am Sonntag, 26. Februar, geht es los: In lockerer Runde \u00f6ffnet das Quartiersb\u00fcro Hagelkreuz, Concordienplatz 7, ab 14 Uhr und l\u00e4dt zum Kaffeeklatsch ein. Jeder kann vorbeikommen, andere Menschen treffen und zuk\u00fcnftige Aktivit\u00e4ten f\u00fcr die Sonntage planen. <br \/>\n<!--more--><\/p>\n<h3 style=\"font-weight: 400;\"><strong>Was machen Sie am Sonntag? <\/strong><\/h3>\n<p style=\"font-weight: 400;\">Wenn andere mit Kindern, der Familie oder Freunden etwas unternehmen, kann einem am Sonntag schon einmal die Decke auf den Kopf fallen und der Tag lang werden! Hagelkreuzer, die gerne zuk\u00fcnftig an den Sonntagen etwas unternehmen m\u00f6chten, treffen sich hier, um Verabredungen vorzunehmen. Ob es ein Caf\u00e9-Besuch, Spielenachmittag oder ein Spaziergang wird, h\u00e4ngt ganz von Wetter, Lust und Laune ab. Die offene Gruppe jeden Alters m\u00f6chte verschiedene Unternehmungen planen und gemeinsame Erlebnisse schaffen. Jeder kann W\u00fcnsche \u00e4u\u00dfern und sich einbringen.<\/p>\n<h3 style=\"font-weight: 400;\"><strong>Nun aber runter vom Sofa \u2013 vorbeikommen! <\/strong><\/h3>\n<p style=\"font-weight: 400;\">Ob als Einzelperson, Paar, Oma, Opa, verwitwet oder genie\u00dferisch: Jeder ist willkommen, gemeinsam an den Sonntagen etwas \u2013 bei Sonne oder Regen &#8211; zu unternehmen. Wir freuen uns auf Sie.<\/p>\n<p style=\"font-weight: 400;\">Weitere Infos von: Ingo Behr, Concordienplatz 7, 47906 Kempen, Tel: 02152 9172112, E-Mail: ingo.behr@kempen.de<br \/>\noder Monika B\u00fcskens, Mobil: 01514 2143806\/rs<\/p>\n<p style=\"font-weight: 400;\">\u00a0<\/p>\n","protected":false},"excerpt":{"rendered":"<p>Am Sonntag, 26. Februar, geht es los: In lockerer Runde \u00f6ffnet das Quartiersb\u00fcro Hagelkreuz, Concordienplatz 7, ab 14 Uhr und l\u00e4dt zum Kaffeeklatsch ein. Jeder kann vorbeikommen, andere Menschen treffen und zuk\u00fcnftige Aktivit\u00e4ten f\u00fcr die Sonntage planen.<\/p>\n","protected":false},"author":688,"featured_media":16922,"comment_status":"closed","ping_status":"closed","sticky":false,"template":"","format":"standard","meta":{"generate_page_header":"","footnotes":""},"categories":[55,267,259,3,265,274],"tags":[],"class_list":["post-16908","post","type-post","status-publish","format-standard","has-post-thumbnail","hentry","category-aktivitaeten-im-quartier","category-ausfluege","category-freizeit-2","category-freizeit","category-gemuetlichesbeisammensein","category-quartier"],"_links":{"self":[{"href":"https:\/\/unser-quartier.de\/hagelkreuz\/wp-json\/wp\/v2\/posts\/16908","targetHints":{"allow":["GET"]}}],"collection":[{"href":"https:\/\/unser-quartier.de\/hagelkreuz\/wp-json\/wp\/v2\/posts"}],"about":[{"href":"https:\/\/unser-quartier.de\/hagelkreuz\/wp-json\/wp\/v2\/types\/post"}],"author":[{"embeddable":true,"href":"https:\/\/unser-quartier.de\/hagelkreuz\/wp-json\/wp\/v2\/users\/688"}],"replies":[{"embeddable":true,"href":"https:\/\/unser-quartier.de\/hagelkreuz\/wp-json\/wp\/v2\/comments?post=16908"}],"version-history":[{"count":3,"href":"https:\/\/unser-quartier.de\/hagelkreuz\/wp-json\/wp\/v2\/posts\/16908\/revisions"}],"predecessor-version":[{"id":16925,"href":"https:\/\/unser-quartier.de\/hagelkreuz\/wp-json\/wp\/v2\/posts\/16908\/revisions\/16925"}],"wp:featuredmedia":[{"embeddable":true,"href":"https:\/\/unser-quartier.de\/hagelkreuz\/wp-json\/wp\/v2\/media\/16922"}],"wp:attachment":[{"href":"https:\/\/unser-quartier.de\/hagelkreuz\/wp-json\/wp\/v2\/media?parent=16908"}],"wp:term":[{"taxonomy":"category","embeddable":true,"href":"https:\/\/unser-quartier.de\/hagelkreuz\/wp-json\/wp\/v2\/categories?post=16908"},{"taxonomy":"post_tag","embeddable":true,"href":"https:\/\/unser-quartier.de\/hagelkreuz\/wp-json\/wp\/v2\/tags?post=16908"}],"curies":[{"name":"wp","href":"https:\/\/api.w.org\/{rel}","templated":true}]}}