{"id":18359,"date":"2023-12-05T16:22:45","date_gmt":"2023-12-05T16:22:45","guid":{"rendered":"https:\/\/unser-quartier.de\/hagelkreuz\/?p=18359"},"modified":"2023-12-06T10:30:16","modified_gmt":"2023-12-06T10:30:16","slug":"wenn-der-nikolaus-den-concordienplatz-besucht","status":"publish","type":"post","link":"https:\/\/unser-quartier.de\/hagelkreuz\/2023\/12\/wenn-der-nikolaus-den-concordienplatz-besucht\/","title":{"rendered":"Wenn der Nikolaus den Concordienplatz besucht \u2026"},"content":{"rendered":"<p style=\"font-weight: 400;\"><a href=\"https:\/\/unser-quartier.de\/hagelkreuz\/files\/2023\/12\/IMG_1298.jpg\" data-wpel-link=\"internal\"><img loading=\"lazy\" decoding=\"async\" class=\"alignleft size-medium wp-image-18375\" src=\"https:\/\/unser-quartier.de\/hagelkreuz\/files\/2023\/12\/IMG_1298-300x200.jpg\" alt=\"Gruppenfoto Warten auf den Nikolaus\" width=\"300\" height=\"200\" srcset=\"https:\/\/unser-quartier.de\/hagelkreuz\/files\/2023\/12\/IMG_1298-300x200.jpg 300w, https:\/\/unser-quartier.de\/hagelkreuz\/files\/2023\/12\/IMG_1298-1024x683.jpg 1024w, https:\/\/unser-quartier.de\/hagelkreuz\/files\/2023\/12\/IMG_1298-150x100.jpg 150w, https:\/\/unser-quartier.de\/hagelkreuz\/files\/2023\/12\/IMG_1298-768x512.jpg 768w, https:\/\/unser-quartier.de\/hagelkreuz\/files\/2023\/12\/IMG_1298-272x182.jpg 272w, https:\/\/unser-quartier.de\/hagelkreuz\/files\/2023\/12\/IMG_1298.jpg 1200w\" sizes=\"auto, (max-width: 300px) 100vw, 300px\" \/><\/a>\u2026 freuen sich Gro\u00df und Klein am Mittwoch, 6.12.23, wenn der fromme Mann um 18 Uhr durch laute Trompetenkl\u00e4nge angek\u00fcndigt wird. Dann stehen zahlreiche Kinder an der Kirche Christ-K\u00f6nig und warten voller Vorfreude auf die allj\u00e4hrlichen Leckereien.<!--more--> Bevor jedoch die T\u00fcten verteilt werden, stellt der Nikolaus immer die Fragen zu seiner Kopfbedeckung und seinem Herkunftsort: Die meisten Kinder wissen schon, dass die Kopfbedeckung Mitra hei\u00dft und der Mann im roten Gewand der Bischof von Myra in der T\u00fcrkei war.<\/p>\n<p style=\"font-weight: 400;\"><a href=\"https:\/\/unser-quartier.de\/hagelkreuz\/files\/2023\/12\/IMG_1316.jpg\" data-wpel-link=\"internal\"><img loading=\"lazy\" decoding=\"async\" class=\"alignleft size-medium wp-image-18335\" src=\"https:\/\/unser-quartier.de\/hagelkreuz\/files\/2023\/12\/IMG_1316-300x200.jpg\" alt=\"Foto Nikolaus und vortragende Kinder\" width=\"300\" height=\"200\" srcset=\"https:\/\/unser-quartier.de\/hagelkreuz\/files\/2023\/12\/IMG_1316-300x200.jpg 300w, https:\/\/unser-quartier.de\/hagelkreuz\/files\/2023\/12\/IMG_1316-1024x683.jpg 1024w, https:\/\/unser-quartier.de\/hagelkreuz\/files\/2023\/12\/IMG_1316-150x100.jpg 150w, https:\/\/unser-quartier.de\/hagelkreuz\/files\/2023\/12\/IMG_1316-768x512.jpg 768w, https:\/\/unser-quartier.de\/hagelkreuz\/files\/2023\/12\/IMG_1316-272x182.jpg 272w, https:\/\/unser-quartier.de\/hagelkreuz\/files\/2023\/12\/IMG_1316.jpg 1200w\" sizes=\"auto, (max-width: 300px) 100vw, 300px\" \/><\/a>Besonders mutige Kinder trauen sich sogar ein Gedicht vorzutragen, um den Nikolaus mit seiner Gefolgschaft zu erfreuen. Gemeinsam werden anschlie\u00dfend Lieder gesungen und die gut gef\u00fcllten T\u00fcten mit Weckm\u00e4nnern, \u00c4pfeln, Mandarinen, N\u00fcssen und S\u00fc\u00dfigkeiten verteilt.<\/p>\n<p>Wie jedes Jahr freuen sich Willi Stenhorst, Vorsitzender vom B\u00fcrgerverein Kempen-Hagelkreuz e.V., und seine HelferInnen auf die traditionelle Nikolausfeier und verk\u00fcrzen die Wartezeit \u00a0mit hei\u00dfen Getr\u00e4nken und P\u00fcfferkes. \/ib<\/p>\n","protected":false},"excerpt":{"rendered":"<p>\u2026 freuen sich Gro\u00df und Klein am Mittwoch, 6.12.23, wenn der fromme Mann um 18 Uhr durch laute Trompetenkl\u00e4nge angek\u00fcndigt wird. Dann stehen zahlreiche Kinder an der Kirche Christ-K\u00f6nig und warten voller Vorfreude auf die allj\u00e4hrlichen Leckereien.<\/p>\n","protected":false},"author":688,"featured_media":18334,"comment_status":"closed","ping_status":"closed","sticky":false,"template":"","format":"standard","meta":{"generate_page_header":"","footnotes":""},"categories":[55,259,265,274,276,235],"tags":[],"class_list":["post-18359","post","type-post","status-publish","format-standard","has-post-thumbnail","hentry","category-aktivitaeten-im-quartier","category-freizeit-2","category-gemuetlichesbeisammensein","category-quartier","category-unterstuetzung-2","category-veranstaltungshinweis"],"_links":{"self":[{"href":"https:\/\/unser-quartier.de\/hagelkreuz\/wp-json\/wp\/v2\/posts\/18359","targetHints":{"allow":["GET"]}}],"collection":[{"href":"https:\/\/unser-quartier.de\/hagelkreuz\/wp-json\/wp\/v2\/posts"}],"about":[{"href":"https:\/\/unser-quartier.de\/hagelkreuz\/wp-json\/wp\/v2\/types\/post"}],"author":[{"embeddable":true,"href":"https:\/\/unser-quartier.de\/hagelkreuz\/wp-json\/wp\/v2\/users\/688"}],"replies":[{"embeddable":true,"href":"https:\/\/unser-quartier.de\/hagelkreuz\/wp-json\/wp\/v2\/comments?post=18359"}],"version-history":[{"count":3,"href":"https:\/\/unser-quartier.de\/hagelkreuz\/wp-json\/wp\/v2\/posts\/18359\/revisions"}],"predecessor-version":[{"id":18377,"href":"https:\/\/unser-quartier.de\/hagelkreuz\/wp-json\/wp\/v2\/posts\/18359\/revisions\/18377"}],"wp:featuredmedia":[{"embeddable":true,"href":"https:\/\/unser-quartier.de\/hagelkreuz\/wp-json\/wp\/v2\/media\/18334"}],"wp:attachment":[{"href":"https:\/\/unser-quartier.de\/hagelkreuz\/wp-json\/wp\/v2\/media?parent=18359"}],"wp:term":[{"taxonomy":"category","embeddable":true,"href":"https:\/\/unser-quartier.de\/hagelkreuz\/wp-json\/wp\/v2\/categories?post=18359"},{"taxonomy":"post_tag","embeddable":true,"href":"https:\/\/unser-quartier.de\/hagelkreuz\/wp-json\/wp\/v2\/tags?post=18359"}],"curies":[{"name":"wp","href":"https:\/\/api.w.org\/{rel}","templated":true}]}}