{"id":21277,"date":"2024-11-20T10:39:32","date_gmt":"2024-11-20T10:39:32","guid":{"rendered":"https:\/\/unser-quartier.de\/hagelkreuz\/?p=21277"},"modified":"2024-12-06T11:28:05","modified_gmt":"2024-12-06T11:28:05","slug":"oekomenisches-projekt-aus-st-hubert-spendet-trenntrafo-an-cafe-wackelkontakt","status":"publish","type":"post","link":"https:\/\/unser-quartier.de\/hagelkreuz\/2024\/11\/oekomenisches-projekt-aus-st-hubert-spendet-trenntrafo-an-cafe-wackelkontakt\/","title":{"rendered":"\u00d6komenisches Projekt aus St. Hubert spendet Trenntrafo an Caf\u00e8 Wackelkontakt"},"content":{"rendered":"<p><a href=\"https:\/\/unser-quartier.de\/hagelkreuz\/files\/2024\/03\/IMG_1470.jpg\" data-wpel-link=\"internal\"><img loading=\"lazy\" decoding=\"async\" class=\"alignleft size-medium wp-image-19842\" src=\"https:\/\/unser-quartier.de\/hagelkreuz\/files\/2024\/03\/IMG_1470-300x200.jpg\" alt=\"Foto Reparatur Elektroger\u00e4t\" width=\"300\" height=\"200\" srcset=\"https:\/\/unser-quartier.de\/hagelkreuz\/files\/2024\/03\/IMG_1470-300x200.jpg 300w, https:\/\/unser-quartier.de\/hagelkreuz\/files\/2024\/03\/IMG_1470-1024x683.jpg 1024w, https:\/\/unser-quartier.de\/hagelkreuz\/files\/2024\/03\/IMG_1470-150x100.jpg 150w, https:\/\/unser-quartier.de\/hagelkreuz\/files\/2024\/03\/IMG_1470-768x512.jpg 768w, https:\/\/unser-quartier.de\/hagelkreuz\/files\/2024\/03\/IMG_1470-272x182.jpg 272w, https:\/\/unser-quartier.de\/hagelkreuz\/files\/2024\/03\/IMG_1470.jpg 1200w\" sizes=\"auto, (max-width: 300px) 100vw, 300px\" \/><\/a>Familie Borsch zeigte sich beeindruckt, als sie im vergangenen Jahr erstmals vom RepairCaf\u00e9 Wackelkontakt h\u00f6rte \u2013 einem Projekt, das Nachhaltigkeit in den Fokus r\u00fcckt. Neugierig und motiviert brachte die Familie ihre defekte Heckenschere vorbei, die dort auf ihre Reparaturf\u00e4higkeit gepr\u00fcft und erfolgreich instandgesetzt wurde.<!--more--> Begeistert von der Idee, Ressourcen zu schonen und dem Gedanken der Wegwerfgesellschaft entgegenzuwirken, schlug die Familie vor, das RepairCaf\u00e9 im Rahmen des \u00f6kumenischen Begegnungstags in St. Hubert zu unterst\u00fctzen.<\/p>\n<p>Unter dem Motto \u201eAufwind f\u00fcr unsere Welt\u201c machten evangelische und katholische Christen in einem gemeinsamen Gottesdienst deutlich, wie wichtig ein bewussterer Umgang mit der Sch\u00f6pfung und der achtsame Einsatz von Ressourcen sind. Diese Botschaft bot den idealen Rahmen, um eine Spendenaktion zugunsten des RepairCaf\u00e9s zu starten.<\/p>\n<h3>Ein starkes Zeichen gegen die Wegwerfmentalit\u00e4t<\/h3>\n<p>In einer Gesellschaft, in der oft zu schnell entsorgt und neu gekauft wird, setzt das RepairCaf\u00e9 Wackelkontakt ein positives Zeichen. Es zeigt, dass viele defekte Gegenst\u00e4nde \u2013 darunter Elektroger\u00e4te \u2013 mit etwas Geschick und Engagement repariert und weiterverwendet werden k\u00f6nnen. Besonders Elektroger\u00e4te, die sonst im M\u00fcll landen w\u00fcrden, lassen sich h\u00e4ufig wieder instand setzen: So k\u00f6nnten etwa 76 % der defekten Staubsauger wieder funktionst\u00fcchtig gemacht werden. Dies bedeutet nicht nur einen Gewinn f\u00fcr die Umwelt, sondern auch eine Schonung wertvoller Ressourcen.<\/p>\n<h3>Erfolg der Spendenaktion<\/h3>\n<p>Die Spendenaktion, die w\u00e4hrend des \u00f6kumenischen Begegnungstags angeregt wurde, erwies sich als gro\u00dfer Erfolg. Am Samstag, den 9. November 2024, konnte beim monatlichen \u00d6ffnungstag des RepairCaf\u00e9s eine Summe von 255 Euro feierlich an das Reparaturteam \u00fcbergeben werden.<\/p>\n<p>Mit diesem Beitrag unterst\u00fctzt die Aktion nicht nur die Arbeit des RepairCaf\u00e9s, sondern st\u00e4rkt auch das Bewusstsein f\u00fcr einen nachhaltigen Umgang mit Ressourcen. Das RepairCaf\u00e9 Wackelkontakt bleibt ein inspirierendes Beispiel daf\u00fcr, wie gemeinschaftliches Engagement zu einem achtsameren Umgang mit unserer Welt beitragen kann. ib<\/p>\n","protected":false},"excerpt":{"rendered":"<p>Familie Borsch zeigte sich beeindruckt, als sie im vergangenen Jahr erstmals vom RepairCaf\u00e9 Wackelkontakt h\u00f6rte \u2013 einem Projekt, das Nachhaltigkeit in den Fokus r\u00fcckt. Neugierig und motiviert brachte die Familie ihre defekte Heckenschere vorbei, die dort auf ihre Reparaturf\u00e4higkeit gepr\u00fcft und erfolgreich instandgesetzt wurde.<\/p>\n","protected":false},"author":391,"featured_media":21276,"comment_status":"closed","ping_status":"closed","sticky":false,"template":"","format":"standard","meta":{"generate_page_header":"","footnotes":""},"categories":[55,278,6,318,276],"tags":[],"class_list":["post-21277","post","type-post","status-publish","format-standard","has-post-thumbnail","hentry","category-aktivitaeten-im-quartier","category-cafe-wackelkontakt","category-computer-und-technik","category-kirche","category-unterstuetzung-2"],"_links":{"self":[{"href":"https:\/\/unser-quartier.de\/hagelkreuz\/wp-json\/wp\/v2\/posts\/21277","targetHints":{"allow":["GET"]}}],"collection":[{"href":"https:\/\/unser-quartier.de\/hagelkreuz\/wp-json\/wp\/v2\/posts"}],"about":[{"href":"https:\/\/unser-quartier.de\/hagelkreuz\/wp-json\/wp\/v2\/types\/post"}],"author":[{"embeddable":true,"href":"https:\/\/unser-quartier.de\/hagelkreuz\/wp-json\/wp\/v2\/users\/391"}],"replies":[{"embeddable":true,"href":"https:\/\/unser-quartier.de\/hagelkreuz\/wp-json\/wp\/v2\/comments?post=21277"}],"version-history":[{"count":3,"href":"https:\/\/unser-quartier.de\/hagelkreuz\/wp-json\/wp\/v2\/posts\/21277\/revisions"}],"predecessor-version":[{"id":21301,"href":"https:\/\/unser-quartier.de\/hagelkreuz\/wp-json\/wp\/v2\/posts\/21277\/revisions\/21301"}],"wp:featuredmedia":[{"embeddable":true,"href":"https:\/\/unser-quartier.de\/hagelkreuz\/wp-json\/wp\/v2\/media\/21276"}],"wp:attachment":[{"href":"https:\/\/unser-quartier.de\/hagelkreuz\/wp-json\/wp\/v2\/media?parent=21277"}],"wp:term":[{"taxonomy":"category","embeddable":true,"href":"https:\/\/unser-quartier.de\/hagelkreuz\/wp-json\/wp\/v2\/categories?post=21277"},{"taxonomy":"post_tag","embeddable":true,"href":"https:\/\/unser-quartier.de\/hagelkreuz\/wp-json\/wp\/v2\/tags?post=21277"}],"curies":[{"name":"wp","href":"https:\/\/api.w.org\/{rel}","templated":true}]}}